{"id":40515,"date":"2022-06-21T15:03:01","date_gmt":"2022-06-21T19:03:01","guid":{"rendered":"http:\/\/gradadigital.com\/home\/?p=40515"},"modified":"2022-06-24T23:05:25","modified_gmt":"2022-06-25T03:05:25","slug":"miku-es-la-duda-en-su-continuidad-con-el-deportivo-la-coruna","status":"publish","type":"post","link":"http:\/\/gradadigital.com\/home\/miku-es-la-duda-en-su-continuidad-con-el-deportivo-la-coruna\/","title":{"rendered":"Miku es la duda en su continuidad con el Deportivo La Coru\u00f1a"},"content":{"rendered":"<p style=\"text-align: center;\"><img loading=\"lazy\" decoding=\"async\" class=\"alignnone size-full wp-image-40516\" src=\"http:\/\/gradadigital.com\/home\/wp-content\/uploads\/2022\/06\/miku_fedor_entrenamiento_la_coruna_21062022.jpg\" alt=\"\" width=\"682\" height=\"455\" srcset=\"http:\/\/gradadigital.com\/home\/wp-content\/uploads\/2022\/06\/miku_fedor_entrenamiento_la_coruna_21062022.jpg 682w, http:\/\/gradadigital.com\/home\/wp-content\/uploads\/2022\/06\/miku_fedor_entrenamiento_la_coruna_21062022-300x200.jpg 300w\" sizes=\"auto, (max-width: 682px) 100vw, 682px\" \/><\/p>\n<p><strong>Agencia &#8211;<\/strong> Como al inicio de cada verano, el Deportivo tiene multitud de frentes abiertos a la hora de encarar el mercado de fichajes y la configuraci\u00f3n de la plantilla. Una de las principales tareas para la secretar\u00eda t\u00e9cnica es evaluar primero lo que hay en casa, principalmente porque son los futbolistas a los que se tiene m\u00e1s f\u00e1cil acceso. En este sentido, y m\u00e1s all\u00e1 de los que terminan cesi\u00f3n y cuyo futuro depende de sus clubs de origen, toca centrarse en los jugadores propios que terminan contrato el 30 de junio.<\/p>\n<p>En este sentido, las principales, y casi \u00fanicas dudas, ser\u00edan las de Jaime y Miku. Tanto central como delantero han sido piezas b\u00e1sicas en los planes de Borja Jim\u00e9nez esta temporada. Ambos han superado los 2.000 minutos y han sido titulares con continuidad siempre que el f\u00edsico se lo ha permitido. En el caso del venezolano, adem\u00e1s, aportando una cifra importante de goles (12). La continuidad en el banquillo hace inevitable pensar que estos dos futbolistas ser\u00e1n, como m\u00ednimo, considerados para regresar a la plantilla con un contrato nuevo. Algo que tambi\u00e9n depender\u00e1 de lo que ofrezca el mercado en las dos posiciones. Sin ir m\u00e1s lejos, el club tiene encarrilado el fichaje del goleador Gorka Santamar\u00eda.<\/p>\n<p>Pocos candidatos m\u00e1s han hecho m\u00e9ritos para ganarse un segundo a\u00f1o vistiendo la blanquiazul. Completan el grupo Trigueros, con presencia testimonial y lastrado por las lesiones, Diego Aguirre, que no pudo salir de la sombra de H\u00e9ctor, un Rafa de Vicente a mucha distancia de los titulares en el centro del campo y \u00c1lvaro Rey. El sevillano, que firm\u00f3 en enero, fue una de las grandes decepciones de la segunda vuelta y resulta complicado imaginar una segunda parte. Algo m\u00e1s pendiente habr\u00e1 que estar del caso Anto\u00f1ito, que rindi\u00f3 bien en sus dos meses en A Coru\u00f1a, pero habr\u00eda que ver si encaja en el perfil que el Depor quiere para complementar una posici\u00f3n que, si la salud se lo permite, deber\u00eda ser para Trilli.<\/p>\n<p><strong>Todav\u00eda por resolver el futuro de Noel<\/strong><br \/>\nEntre los jugadores cuyo futuro est\u00e1 por resolver tambi\u00e9n se encuentra Noel. El canterano, que tiene desde hace meses encima de la mesa la oferta del Deportivo, todav\u00eda no se ha decidido. Todo hace indicar que no seguir\u00e1 vistiendo la blanquiazul y el Real Madrid Castilla apunta como el equipo que va por delante en la carrera por llevarse a la perla de la cantera.<\/p>\n<p><em>Con informaci\u00f3n del Diario As<\/em><\/p>\n","protected":false},"excerpt":{"rendered":"<p>Agencia &#8211; Como al inicio de cada verano, el Deportivo tiene multitud de frentes abiertos a la hora de encarar el mercado de fichajes y la configuraci\u00f3n de la plantilla. Una de las principales tareas para la secretar\u00eda t\u00e9cnica es evaluar primero lo que hay en casa, principalmente porque son los futbolistas a los que &#8230;<\/p>\n","protected":false},"author":4,"featured_media":40516,"comment_status":"closed","ping_status":"closed","sticky":false,"template":"","format":"standard","meta":{"footnotes":""},"categories":[752,36,4],"tags":[],"class_list":["post-40515","post","type-post","status-publish","format-standard","has-post-thumbnail","hentry","category-appgd","category-internacional","category-legionarios"],"_links":{"self":[{"href":"http:\/\/gradadigital.com\/home\/wp-json\/wp\/v2\/posts\/40515","targetHints":{"allow":["GET"]}}],"collection":[{"href":"http:\/\/gradadigital.com\/home\/wp-json\/wp\/v2\/posts"}],"about":[{"href":"http:\/\/gradadigital.com\/home\/wp-json\/wp\/v2\/types\/post"}],"author":[{"embeddable":true,"href":"http:\/\/gradadigital.com\/home\/wp-json\/wp\/v2\/users\/4"}],"replies":[{"embeddable":true,"href":"http:\/\/gradadigital.com\/home\/wp-json\/wp\/v2\/comments?post=40515"}],"version-history":[{"count":1,"href":"http:\/\/gradadigital.com\/home\/wp-json\/wp\/v2\/posts\/40515\/revisions"}],"predecessor-version":[{"id":40517,"href":"http:\/\/gradadigital.com\/home\/wp-json\/wp\/v2\/posts\/40515\/revisions\/40517"}],"wp:featuredmedia":[{"embeddable":true,"href":"http:\/\/gradadigital.com\/home\/wp-json\/wp\/v2\/media\/40516"}],"wp:attachment":[{"href":"http:\/\/gradadigital.com\/home\/wp-json\/wp\/v2\/media?parent=40515"}],"wp:term":[{"taxonomy":"category","embeddable":true,"href":"http:\/\/gradadigital.com\/home\/wp-json\/wp\/v2\/categories?post=40515"},{"taxonomy":"post_tag","embeddable":true,"href":"http:\/\/gradadigital.com\/home\/wp-json\/wp\/v2\/tags?post=40515"}],"curies":[{"name":"wp","href":"https:\/\/api.w.org\/{rel}","templated":true}]}}