{"id":40412,"date":"2022-05-29T23:05:56","date_gmt":"2022-05-30T03:05:56","guid":{"rendered":"http:\/\/gradadigital.com\/home\/?p=40412"},"modified":"2022-05-29T23:20:01","modified_gmt":"2022-05-30T03:20:01","slug":"seleccionador-de-malta-pekerman-hara-que-sea-mas-dificil-enfrentarnos-a-venezuela","status":"publish","type":"post","link":"http:\/\/gradadigital.com\/home\/seleccionador-de-malta-pekerman-hara-que-sea-mas-dificil-enfrentarnos-a-venezuela\/","title":{"rendered":"Seleccionador de Malta: P\u00e9kerman har\u00e1 que sea m\u00e1s dif\u00edcil enfrentarnos a Venezuela"},"content":{"rendered":"<div id=\"attachment_40413\" style=\"width: 692px\" class=\"wp-caption aligncenter\"><img loading=\"lazy\" decoding=\"async\" aria-describedby=\"caption-attachment-40413\" class=\"wp-image-40413 size-full\" src=\"http:\/\/gradadigital.com\/home\/wp-content\/uploads\/2022\/05\/devis_mangia_malta_29052022.jpg\" alt=\"\" width=\"682\" height=\"455\" srcset=\"http:\/\/gradadigital.com\/home\/wp-content\/uploads\/2022\/05\/devis_mangia_malta_29052022.jpg 682w, http:\/\/gradadigital.com\/home\/wp-content\/uploads\/2022\/05\/devis_mangia_malta_29052022-300x200.jpg 300w\" sizes=\"auto, (max-width: 682px) 100vw, 682px\" \/><p id=\"caption-attachment-40413\" class=\"wp-caption-text\">Devis Mangia, dirigente del combinado europeo, convers\u00f3 de La Vinotinto en la previa del primer juego hist\u00f3rico entre ambas selecciones<\/p><\/div>\n<p style=\"font-weight: 400; text-align: justify;\"><u>Pablo Alejandro Rond\u00f3n &#8211; @PablinhooAlee &#8211; <\/u>Venezuela enfrentar\u00e1\u00a0 por primera vez en la historia a Malta este 1 de junio, en el estadio \u00a0Nacional Ta\u2019 Qali de ese pa\u00eds, en el duelo que adem\u00e1s acercar\u00e1 a ese combinado europeo con los elencos sudamericanos. Su DT, Devis Mangia mostr\u00f3 su satisfacci\u00f3n al enfrentar a La Vinotinto, dirigida por el argentino Jos\u00e9 P\u00e9kerman.<\/p>\n<p style=\"font-weight: 400; text-align: justify;\">\u201cP\u00e9kerman es un nombre mundial, habla por s\u00ed mismo, ya que hizo un muy buen trabajo all\u00e1 donde fue. Su experiencia y su conocimiento del f\u00fatbol lo convierten en un adversario muy dif\u00edcil. Esto har\u00e1 que sea m\u00e1s dif\u00edcil enfrentarnos a Venezuela\u201d, coment\u00f3 en declaraciones a\u00a0<em>M\u00e1s All\u00e1 del Gol<\/em>\u00a0el estratega de nacionalidad italiana, que dirige a los \u201cHalcones Rojos\u201d desde 2019.<\/p>\n<p style=\"font-weight: 400; text-align: justify;\">Malta, que en el \u00faltimo r\u00e1nking FIFA se ubic\u00f3 en el puesto 169, nunca antes hab\u00eda chocado con un elenco de la CONMEBOL, por lo que pretenden sumar esa experiencia a sus jugadores. \u201cSiempre es una experiencia para Malta enfrentarse a un equipo importante como Venezuela. Todos sabemos que ser\u00e1 un partido dif\u00edcil, pero haremos todo lo posible por hacer nuestro juego\u201d.<\/p>\n<p style=\"font-weight: 400; text-align: justify;\">Ser\u00e1 el primer amistoso de los nacionales como el estratega sure\u00f1o, que servir\u00e1 a los locales para preparar su debut en la tercera edici\u00f3n de la Liga de las Naciones de la UEFA, en la que estar\u00e1n en la Liga D. \u201cSer\u00e1 la primera prueba para nosotros, nos servir\u00e1 para probar cosas nuevas antes de los tres partidos importantes que tenemos (dos ante San Marino y otro ante Estonia). De hecho, cuando haga la alineaci\u00f3n contra Venezuela, pensar\u00e9 para esos 3 partidos tambi\u00e9n\u201d, indic\u00f3.<\/p>\n<p style=\"font-weight: 400; text-align: justify;\"><strong>Estudia a La Vinotinto<\/strong><\/p>\n<p style=\"font-weight: 400; text-align: justify;\">Mangia ve una oportunidad importante retar a una selecci\u00f3n que ya piensa en el ciclo clasificatorio hacia el Mundial de Estados Unidos, M\u00e9xico y Canad\u00e1 2026, en un proceso de renovaci\u00f3n en el que se probar\u00e1n nuevas piezas, tal y es el caso del delantero Alejandro Marqu\u00e9s (Mirand\u00e9s, segunda divisi\u00f3n de Espa\u00f1a), quien podr\u00eda debutar como internacional en este cotejo.<\/p>\n<p style=\"font-weight: 400; text-align: justify;\">Por ende, el timonel del cuadro malt\u00e9s toma sus previsiones. \u201cEs parte de nuestro trabajo estudiar al rival, al equipo y a los jugadores individuales. Sabemos que tienen jugadores muy buenos que tambi\u00e9n juegan en las mejores ligas europeas. Haremos todo lo posible y nos prepararemos para el partido, como hacemos siempre\u201d, dijo al medio digital sobre los futbolistas criollos.<\/p>\n<p style=\"font-weight: 400; text-align: justify;\">El atacante de 21 a\u00f1os, con experiencia en las categor\u00edas inferiores del FC Barcelona y la Juventus de Tur\u00edn, hizo siete goles en 29 compromisos en la m\u00e1s reciente temporada de la categor\u00eda de plata del balompi\u00e9 ib\u00e9rico.<\/p>\n<p style=\"font-weight: 400; text-align: justify;\">Finalmente, el dirigente de 47 a\u00f1os habl\u00f3 de los jugadores venezolanos que han ido a participar en los campeonatos de Malta en los \u00faltimos a\u00f1os, y de c\u00f3mo los ha estudiado. \u201cHe estado en Malta durante las dos \u00faltimas temporadas y hemos visto algunos que juegan en las ligas inferiores y se han adaptado bien al f\u00fatbol local. En la m\u00e1xima categor\u00eda no hemos visto todav\u00eda ninguno\u201d, expres\u00f3.<\/p>\n<p style=\"text-align: justify;\"><span style=\"font-weight: 400;\">El duelo se realizar\u00e1 en el escenario que acoge a 18 mil espectadores, a partir de la 1:00 de la tarde, horario venezolano, del d\u00eda mi\u00e9rcoles, en el inicio del sexto mes del 2022.\u00a0<\/span><\/p>\n<blockquote class=\"twitter-tweet\">\n<p dir=\"ltr\" lang=\"es\">Declaraciones de Devis Mangia, DT de Malta &#x1f1f2;&#x1f1f9;, previo al partido contra Venezuela &#x2b07;&#xfe0f;<\/p>\n<p>&#x1f5e3;&#xfe0f;: \u00abSiempre es una experiencia para Malta enfrentarse aun equipo importante como Venezuela. Todos sabemos que ser\u00e1 un partido dif\u00edcil, pero haremos todo lo posible por hacer nuestro juego\u00bb. <a href=\"https:\/\/t.co\/YgZIQEoTTl\">pic.twitter.com\/YgZIQEoTTl<\/a><\/p>\n<p>\u2014 M\u00c1S ALL\u00c1 DEL GOL (@Masalladelgol20) <a href=\"https:\/\/twitter.com\/Masalladelgol20\/status\/1530237773600509952?ref_src=twsrc%5Etfw\">May 27, 2022<\/a><\/p><\/blockquote>\n<p><script async src=\"https:\/\/platform.twitter.com\/widgets.js\" charset=\"utf-8\"><\/script><\/p>\n","protected":false},"excerpt":{"rendered":"<p>Pablo Alejandro Rond\u00f3n &#8211; @PablinhooAlee &#8211; Venezuela enfrentar\u00e1\u00a0 por primera vez en la historia a Malta este 1 de junio, en el estadio \u00a0Nacional Ta\u2019 Qali de ese pa\u00eds, en el duelo que adem\u00e1s acercar\u00e1 a ese combinado europeo con los elencos sudamericanos. Su DT, Devis Mangia mostr\u00f3 su satisfacci\u00f3n al enfrentar a La Vinotinto, &#8230;<\/p>\n","protected":false},"author":4,"featured_media":40413,"comment_status":"closed","ping_status":"closed","sticky":false,"template":"","format":"standard","meta":{"footnotes":""},"categories":[752,36,40,3],"tags":[2256,2255,51],"class_list":["post-40412","post","type-post","status-publish","format-standard","has-post-thumbnail","hentry","category-appgd","category-internacional","category-seleccion-nacional-mayores","category-seleccion-nacional","tag-devis-mangia","tag-pekerman","tag-venezuela"],"_links":{"self":[{"href":"http:\/\/gradadigital.com\/home\/wp-json\/wp\/v2\/posts\/40412","targetHints":{"allow":["GET"]}}],"collection":[{"href":"http:\/\/gradadigital.com\/home\/wp-json\/wp\/v2\/posts"}],"about":[{"href":"http:\/\/gradadigital.com\/home\/wp-json\/wp\/v2\/types\/post"}],"author":[{"embeddable":true,"href":"http:\/\/gradadigital.com\/home\/wp-json\/wp\/v2\/users\/4"}],"replies":[{"embeddable":true,"href":"http:\/\/gradadigital.com\/home\/wp-json\/wp\/v2\/comments?post=40412"}],"version-history":[{"count":2,"href":"http:\/\/gradadigital.com\/home\/wp-json\/wp\/v2\/posts\/40412\/revisions"}],"predecessor-version":[{"id":40415,"href":"http:\/\/gradadigital.com\/home\/wp-json\/wp\/v2\/posts\/40412\/revisions\/40415"}],"wp:featuredmedia":[{"embeddable":true,"href":"http:\/\/gradadigital.com\/home\/wp-json\/wp\/v2\/media\/40413"}],"wp:attachment":[{"href":"http:\/\/gradadigital.com\/home\/wp-json\/wp\/v2\/media?parent=40412"}],"wp:term":[{"taxonomy":"category","embeddable":true,"href":"http:\/\/gradadigital.com\/home\/wp-json\/wp\/v2\/categories?post=40412"},{"taxonomy":"post_tag","embeddable":true,"href":"http:\/\/gradadigital.com\/home\/wp-json\/wp\/v2\/tags?post=40412"}],"curies":[{"name":"wp","href":"https:\/\/api.w.org\/{rel}","templated":true}]}}