{"id":40336,"date":"2021-06-06T11:56:00","date_gmt":"2021-06-06T15:56:00","guid":{"rendered":"http:\/\/gradadigital.com\/home\/?p=40336"},"modified":"2021-06-07T01:13:01","modified_gmt":"2021-06-07T05:13:01","slug":"junior-moreno-vamos-a-plantear-el-partido-contra-uruguay-de-la-mejor-manera","status":"publish","type":"post","link":"http:\/\/gradadigital.com\/home\/junior-moreno-vamos-a-plantear-el-partido-contra-uruguay-de-la-mejor-manera\/","title":{"rendered":"Junior Moreno: \u00abVamos a plantear el partido contra Uruguay de la mejor manera\u00bb"},"content":{"rendered":"<p style=\"text-align: justify;\"><br \/><strong>Prensa FVF &#8211;<\/strong> El mediocampista Junior Moreno se mantiene a tono y con buen ritmo en los entrenamientos de La Vinotinto, previos al partido contra Uruguay de este martes en Caracas.<\/p>\n<p style=\"text-align: justify;\">El jugador, quien tambi\u00e9n sali\u00f3 como titular ante Bolivia, destac\u00f3 que esa derrota ante la oncena verde, es parte del pasado, por lo que ahora espera que ante los uruguayos el resultado sea diferente.<\/p>\n<p style=\"text-align: justify;\">Moreno resalt\u00f3 que el tema de la altura incidi\u00f3 para que el equipo, en ocasiones, no estuviera tan compacto como lo necesitaban; sin embargo, en el choque venidero, espera que la situaci\u00f3n sea distinta.<\/p>\n<p style=\"text-align: justify;\"><strong>Un reto<\/strong><\/p>\n<p style=\"text-align: justify;\"><strong>\u00abAnte Uruguay ser\u00e1 distinto. Estamos en casa y tenemos que seguir haciendo lo que hicimos en partidos anteriores como Chile y Brasil. Debemos afianzar lo bueno y salir a ganar\u00bb<\/strong>, destac\u00f3 el jugador.<\/p>\n<p style=\"text-align: justify;\">En el entrenamiento de este s\u00e1bado, as\u00ed como el del domingo y lunes, el equipo terminar\u00e1 de hacer los ajustes para encarar a Uruguay.<\/p>\n<p style=\"text-align: justify;\"><strong>\u00abVamos a plantear ese juego de la mejor manera posible y esperamos lograr la victoria\u00bb<\/strong>, agreg\u00f3.<\/p>\n<p style=\"text-align: justify;\">La Vinotinto sostendr\u00e1 este martes (6:30 pm) su tercer partido como local, cuando reciba a las oncena celeste.<\/p>\n\n\n<p><\/p>\n","protected":false},"excerpt":{"rendered":"<p>Prensa FVF &#8211; El mediocampista Junior Moreno se mantiene a tono y con buen ritmo en los entrenamientos de La Vinotinto, previos al partido contra Uruguay de este martes en Caracas. El jugador, quien tambi\u00e9n sali\u00f3 como titular ante Bolivia, destac\u00f3 que esa derrota ante la oncena verde, es parte del pasado, por lo que &#8230;<\/p>\n","protected":false},"author":3,"featured_media":0,"comment_status":"closed","ping_status":"closed","sticky":false,"template":"","format":"standard","meta":{"footnotes":""},"categories":[752,40,3],"tags":[2046],"class_list":["post-40336","post","type-post","status-publish","format-standard","hentry","category-appgd","category-seleccion-nacional-mayores","category-seleccion-nacional","tag-seleccion-nacional-mayores"],"_links":{"self":[{"href":"http:\/\/gradadigital.com\/home\/wp-json\/wp\/v2\/posts\/40336","targetHints":{"allow":["GET"]}}],"collection":[{"href":"http:\/\/gradadigital.com\/home\/wp-json\/wp\/v2\/posts"}],"about":[{"href":"http:\/\/gradadigital.com\/home\/wp-json\/wp\/v2\/types\/post"}],"author":[{"embeddable":true,"href":"http:\/\/gradadigital.com\/home\/wp-json\/wp\/v2\/users\/3"}],"replies":[{"embeddable":true,"href":"http:\/\/gradadigital.com\/home\/wp-json\/wp\/v2\/comments?post=40336"}],"version-history":[{"count":1,"href":"http:\/\/gradadigital.com\/home\/wp-json\/wp\/v2\/posts\/40336\/revisions"}],"predecessor-version":[{"id":40337,"href":"http:\/\/gradadigital.com\/home\/wp-json\/wp\/v2\/posts\/40336\/revisions\/40337"}],"wp:attachment":[{"href":"http:\/\/gradadigital.com\/home\/wp-json\/wp\/v2\/media?parent=40336"}],"wp:term":[{"taxonomy":"category","embeddable":true,"href":"http:\/\/gradadigital.com\/home\/wp-json\/wp\/v2\/categories?post=40336"},{"taxonomy":"post_tag","embeddable":true,"href":"http:\/\/gradadigital.com\/home\/wp-json\/wp\/v2\/tags?post=40336"}],"curies":[{"name":"wp","href":"https:\/\/api.w.org\/{rel}","templated":true}]}}