{"id":40192,"date":"2021-04-24T18:41:42","date_gmt":"2021-04-24T22:41:42","guid":{"rendered":"http:\/\/gradadigital.com\/home\/?p=40192"},"modified":"2021-04-24T19:14:58","modified_gmt":"2021-04-24T23:14:58","slug":"santos-anuncia-la-venta-de-soteldo-al-toronto-fc","status":"publish","type":"post","link":"http:\/\/gradadigital.com\/home\/santos-anuncia-la-venta-de-soteldo-al-toronto-fc\/","title":{"rendered":"Santos anuncia la venta de Soteldo al Toronto FC"},"content":{"rendered":"<p style=\"text-align: justify;\"><strong>EFE &#8211;<\/strong> El Santos anunci\u00f3 este s\u00e1bado la venta del extremo venezolano Yeferson Soteldo al Toronto FC, de la Liga Profesional de F\u00fatbol de Estados Unidos (MLS, por sus siglas en ingl\u00e9s), en una transacci\u00f3n que libera al club brasile\u00f1o de las sanciones impuestas por la FIFA debido al impago de los derechos del futbolista.<\/p>\n<p style=\"text-align: justify;\">El club inform\u00f3 en un comunicado que transfiri\u00f3 al Huachipato, el anterior equipo de Soteldo y poseedor del 50% de sus derechos federativos, la totalidad de su parte en la venta y pagar\u00e1, adem\u00e1s, 500.000 d\u00f3lares adicionales al conjunto chileno a fin de saldar su deuda por el fichaje del jugador, en 2019 y por el que nunca pag\u00f3.<\/p>\n<p style=\"text-align: justify;\">El presidente del Santos, Andres Rueda, destac\u00f3 en la nota que la venta del atacante venezolano, quien manifest\u00f3 su deseo de abandonar las filas del equipo, fue importante para <strong>\u00abcerrar una pendencia financiera\u00bb<\/strong> que imped\u00eda al club realizar nuevas contrataciones debido a un mecanismo conocido como \u00abTransfer ban\u00bb (prohibici\u00f3n de transferencia).<\/p>\n<p style=\"text-align: justify;\"><strong>\u00abFue una propuesta que el Huachipato tambi\u00e9n acept\u00f3 y, principalmente, que el jugador quer\u00eda. No pod\u00edamos mantener a Soteldo ante ese escenario. En realidad, el Santos compr\u00f3, pero nunca pag\u00f3\u00bb<\/strong>, subray\u00f3 Rueda.<\/p>\n<p style=\"text-align: justify;\">El delantero de 23 a\u00f1os es uno de los jugadores m\u00e1s destacados del conjunto brasile\u00f1o, donde milita desde enero de 2019 con el n\u00famero 10 a la espalda, el mismo que vistieron leyendas del club como Edson Arantes do Nascimento &#8216;Pel\u00e9&#8217; y Neymar.<\/p>\n<p style=\"text-align: justify;\">Con el Santos, Soteldo fue subcampe\u00f3n de la Liga brasile\u00f1a en 2019 y finalista de la Copa Libertadores de 2020, a pesar de la grave crisis econ\u00f3mica por la que atraviesa el club, situaci\u00f3n que oblig\u00f3 al club a retrasar el pago de salarios por algunos meses y ser objeto de multitud de demandas en la Justicia laboral.<\/p>\n<p style=\"text-align: justify;\">Rueda destac\u00f3 que, con las pendencias financieras resueltas, el Santos conf\u00eda ahora en <strong>\u00abconsiderar algunas contrataciones puntuales\u00bb<\/strong> para <strong>\u00abdar cuerpo al elenco\u00bb<\/strong>, aunque siempre <strong>\u00abdentro de la responsabilidad financiera asumida en el club\u00bb<\/strong>.<\/p>\n<p style=\"text-align: justify;\">El dirigente igualmente agradeci\u00f3 al venezolano por las <strong>\u00abalegr\u00edas\u00bb<\/strong> cosechadas en su paso por el Santos y su <strong>\u00abcombatividad en la cancha\u00bb<\/strong>.<\/p>\n<p style=\"text-align: justify;\"><strong>\u00abEs cierto que nos gustar\u00eda que se quedara m\u00e1s e hiciera historia con nuestra camisa. Deseamos suerte en su nuevo club\u00bb<\/strong>, finaliz\u00f3.<\/p>\n","protected":false},"excerpt":{"rendered":"<p>EFE &#8211; El Santos anunci\u00f3 este s\u00e1bado la venta del extremo venezolano Yeferson Soteldo al Toronto FC, de la Liga Profesional de F\u00fatbol de Estados Unidos (MLS, por sus siglas en ingl\u00e9s), en una transacci\u00f3n que libera al club brasile\u00f1o de las sanciones impuestas por la FIFA debido al impago de los derechos del futbolista. &#8230;<\/p>\n","protected":false},"author":3,"featured_media":0,"comment_status":"closed","ping_status":"closed","sticky":false,"template":"","format":"standard","meta":{"footnotes":""},"categories":[752,4],"tags":[1431],"class_list":["post-40192","post","type-post","status-publish","format-standard","hentry","category-appgd","category-legionarios","tag-legionarios"],"_links":{"self":[{"href":"http:\/\/gradadigital.com\/home\/wp-json\/wp\/v2\/posts\/40192","targetHints":{"allow":["GET"]}}],"collection":[{"href":"http:\/\/gradadigital.com\/home\/wp-json\/wp\/v2\/posts"}],"about":[{"href":"http:\/\/gradadigital.com\/home\/wp-json\/wp\/v2\/types\/post"}],"author":[{"embeddable":true,"href":"http:\/\/gradadigital.com\/home\/wp-json\/wp\/v2\/users\/3"}],"replies":[{"embeddable":true,"href":"http:\/\/gradadigital.com\/home\/wp-json\/wp\/v2\/comments?post=40192"}],"version-history":[{"count":2,"href":"http:\/\/gradadigital.com\/home\/wp-json\/wp\/v2\/posts\/40192\/revisions"}],"predecessor-version":[{"id":40195,"href":"http:\/\/gradadigital.com\/home\/wp-json\/wp\/v2\/posts\/40192\/revisions\/40195"}],"wp:attachment":[{"href":"http:\/\/gradadigital.com\/home\/wp-json\/wp\/v2\/media?parent=40192"}],"wp:term":[{"taxonomy":"category","embeddable":true,"href":"http:\/\/gradadigital.com\/home\/wp-json\/wp\/v2\/categories?post=40192"},{"taxonomy":"post_tag","embeddable":true,"href":"http:\/\/gradadigital.com\/home\/wp-json\/wp\/v2\/tags?post=40192"}],"curies":[{"name":"wp","href":"https:\/\/api.w.org\/{rel}","templated":true}]}}