{"id":40129,"date":"2021-04-16T00:54:00","date_gmt":"2021-04-16T04:54:00","guid":{"rendered":"http:\/\/gradadigital.com\/home\/?p=40129"},"modified":"2021-04-20T01:01:18","modified_gmt":"2021-04-20T05:01:18","slug":"venezuela-anuncia-que-organizara-el-sudamericano-sub-20","status":"publish","type":"post","link":"http:\/\/gradadigital.com\/home\/venezuela-anuncia-que-organizara-el-sudamericano-sub-20\/","title":{"rendered":"Venezuela anuncia que organizar\u00e1 el Sudamericano Sub-20"},"content":{"rendered":"\n\n<p style=\"text-align: justify;\"><strong>EFE &#8211;<\/strong> La Federaci\u00f3n Venezolana de F\u00fatbol (FVF) anunci\u00f3 este viernes que el pa\u00eds acoger\u00e1 el Campeonato Sudamericano Sub&#8217;20 luego de que Colombia, sede inicial del torneo, cediera la organizaci\u00f3n del evento.<\/p>\n<p style=\"text-align: justify;\">A trav\u00e9s de un breve comunicado, la FVF inform\u00f3 de que la competencia se desarrollar\u00e1 en el c\u00e9ntrico estado Carabobo y se disputar\u00e1 inicialmente en dos grupos con sedes en las ciudades de Valencia y Puerto Cabello.<\/p>\n<p style=\"text-align: justify;\">\u00abLa fecha a\u00fan est\u00e1 por definirse. Sin embargo, se estima que se pudiera efectuar durante el \u00faltimo trimestre de este a\u00f1o\u00bb, agreg\u00f3 la FVF en el comunicado.<\/p>\n<p style=\"text-align: justify;\">El torneo estaba pautado para celebrarse en Colombia durante el pasado febrero, pero la Confederaci\u00f3n Sudamericana de F\u00fatbol (Conmebol) decidi\u00f3 retrasarlo hasta el segundo semestre de este a\u00f1o debido a las complicaciones de log\u00edstica causadas por la pandemia por el nuevo coronavirus.<\/p>\n<p style=\"text-align: justify;\">La FIFA ya ha informado que retras\u00f3 hasta el 2023 la celebraci\u00f3n del mundial de la categor\u00eda, que tendr\u00e1 lugar en Indonesia, por cuanto el Campeonato Sudamericano de Venezuela no entregar\u00e1 billetes a este torneo.<\/p>\n<p style=\"text-align: justify;\">Hoy tambi\u00e9n se conoci\u00f3 que Colombia celebrar\u00e1 el Campeonato Sudamericano de 2023, en el que se repartir\u00e1n los cuatro cupos de la Conmebol al Mundial de Indonesia.<\/p>\n\n\n<p><\/p>\n","protected":false},"excerpt":{"rendered":"<p>EFE &#8211; La Federaci\u00f3n Venezolana de F\u00fatbol (FVF) anunci\u00f3 este viernes que el pa\u00eds acoger\u00e1 el Campeonato Sudamericano Sub&#8217;20 luego de que Colombia, sede inicial del torneo, cediera la organizaci\u00f3n del evento. A trav\u00e9s de un breve comunicado, la FVF inform\u00f3 de que la competencia se desarrollar\u00e1 en el c\u00e9ntrico estado Carabobo y se disputar\u00e1 &#8230;<\/p>\n","protected":false},"author":3,"featured_media":0,"comment_status":"closed","ping_status":"closed","sticky":false,"template":"","format":"standard","meta":{"footnotes":""},"categories":[752,39,3],"tags":[1931,2069],"class_list":["post-40129","post","type-post","status-publish","format-standard","hentry","category-appgd","category-seleccion-nacional-juveniles","category-seleccion-nacional","tag-seleccion-nacional-juveniles","tag-selecciones-nacionales"],"_links":{"self":[{"href":"http:\/\/gradadigital.com\/home\/wp-json\/wp\/v2\/posts\/40129","targetHints":{"allow":["GET"]}}],"collection":[{"href":"http:\/\/gradadigital.com\/home\/wp-json\/wp\/v2\/posts"}],"about":[{"href":"http:\/\/gradadigital.com\/home\/wp-json\/wp\/v2\/types\/post"}],"author":[{"embeddable":true,"href":"http:\/\/gradadigital.com\/home\/wp-json\/wp\/v2\/users\/3"}],"replies":[{"embeddable":true,"href":"http:\/\/gradadigital.com\/home\/wp-json\/wp\/v2\/comments?post=40129"}],"version-history":[{"count":1,"href":"http:\/\/gradadigital.com\/home\/wp-json\/wp\/v2\/posts\/40129\/revisions"}],"predecessor-version":[{"id":40130,"href":"http:\/\/gradadigital.com\/home\/wp-json\/wp\/v2\/posts\/40129\/revisions\/40130"}],"wp:attachment":[{"href":"http:\/\/gradadigital.com\/home\/wp-json\/wp\/v2\/media?parent=40129"}],"wp:term":[{"taxonomy":"category","embeddable":true,"href":"http:\/\/gradadigital.com\/home\/wp-json\/wp\/v2\/categories?post=40129"},{"taxonomy":"post_tag","embeddable":true,"href":"http:\/\/gradadigital.com\/home\/wp-json\/wp\/v2\/tags?post=40129"}],"curies":[{"name":"wp","href":"https:\/\/api.w.org\/{rel}","templated":true}]}}