{"id":40108,"date":"2021-04-15T18:34:49","date_gmt":"2021-04-15T22:34:49","guid":{"rendered":"http:\/\/gradadigital.com\/home\/?p=40108"},"modified":"2021-04-15T18:35:02","modified_gmt":"2021-04-15T22:35:02","slug":"miku-el-numancia-tiene-mayor-nombre-pero-la-motivacion-es-la-misma","status":"publish","type":"post","link":"http:\/\/gradadigital.com\/home\/miku-el-numancia-tiene-mayor-nombre-pero-la-motivacion-es-la-misma\/","title":{"rendered":"Miku: \u201cEl Numancia tiene mayor nombre, pero la motivaci\u00f3n es la misma\u201d"},"content":{"rendered":"<p style=\"text-align: justify;\"><strong>EFE &#8211;<\/strong> Miku Fedor, delantero venezolano del Deportivo de La Coru\u00f1a, asegur\u00f3 este jueves que ante el Numancia, que tiene <strong>\u00abmayor nombre\u00bb<\/strong> y visitar\u00e1 el domingo el estadio de Riazor, la <strong>\u00abmotivaci\u00f3n\u00bb<\/strong> debe ser la misma que con el resto de los equipos de la categor\u00eda de bronce del f\u00fatbol espa\u00f1ol, independientemente del nombre que tengan.<\/p>\n<p style=\"text-align: justify;\"><strong>\u00abLa motivaci\u00f3n es individual, de nosotros, por nosotros, por nuestro escudo, por nuestro club, por lo que representa. No creo que por jugar con el Numancia vaya motivado y que el Langreo y jugar en un campo que no lo conocemos no me motive. Yo juego con la misma intensidad, aqu\u00ed o con mis hijas, por el esp\u00edritu competitivo que tengo\u00bb<\/strong>, dijo el jugador blanquiazul.<\/p>\n<p style=\"text-align: justify;\">En una conferencia de prensa telem\u00e1tica, Miku explic\u00f3 que <strong>\u00abser\u00eda un error caer\u00bb<\/strong> en una diferente motivaci\u00f3n en funci\u00f3n del rival.<\/p>\n<p style=\"text-align: justify;\"><strong>\u00abObviamente, el Numancia tiene mayor nombre, pero la motivaci\u00f3n, por lo que representa nuestro club, tiene que ser la misma aqu\u00ed o en un campo de piedras, donde juguemos\u00bb<\/strong>, sostuvo Miku.<\/p>\n<p style=\"text-align: justify;\">El delantero abog\u00f3 por mantener una <strong>\u00abregularidad mental\u00bb<\/strong> para no decaer con derrotas como la del pasado domingo en el partido ante el Langreo (1-0).<\/p>\n<p style=\"text-align: justify;\"><strong>\u00abA nivel personal, llevo mucho tiempo trabajando la mente, es nuestro m\u00fasculo m\u00e1s fuerte; si en la mente trazas un objetivo, el cuerpo va hacia \u00e9l. Centrarte y mantenerte enfocado en lo que te puede conducir hacia el \u00e9xito, practicar la resiliencia, es muy importante. Tal y como est\u00e1 el mundo, estar vivos y sanos es suficiente motivaci\u00f3n para afrontar cada d\u00eda\u00bb<\/strong>, a\u00f1adi\u00f3.<\/p>\n<p style=\"text-align: justify;\">El futbolista dijo que, aunque <strong>\u00abparezca un tipo fr\u00edo\u00bb<\/strong>, tiene <strong>\u00abfuego competitivo por dentro\u00bb<\/strong>.<\/p>\n<p style=\"text-align: justify;\">Del Numancia, apunt\u00f3 que es <strong>\u00abun rival a tener en cuenta, con jugadores en su mayor\u00eda de Segunda A, pero no mejor\u00bb<\/strong> que el propio Deportivo.<\/p>\n<p style=\"text-align: justify;\">Adem\u00e1s, lament\u00f3 la ocasi\u00f3n de gol que no pudo transformar el pasado fin de semana ante el Langreo con 0-0 en el marcador en un bal\u00f3n que recibi\u00f3 de Eneko B\u00f3veda y que, tras regatear al defensa, mand\u00f3 a unos cent\u00edmetros del poste.<\/p>\n<p style=\"text-align: justify;\"><strong>\u00abHasta yo pensaba que hab\u00eda entrado\u00bb<\/strong>, confes\u00f3 el jugador, quien consider\u00f3 que ese tanto habr\u00eda dado los tres puntos al Deportivo en el Nuevo Ganz\u00e1bal.<\/p>\n","protected":false},"excerpt":{"rendered":"<p>EFE &#8211; Miku Fedor, delantero venezolano del Deportivo de La Coru\u00f1a, asegur\u00f3 este jueves que ante el Numancia, que tiene \u00abmayor nombre\u00bb y visitar\u00e1 el domingo el estadio de Riazor, la \u00abmotivaci\u00f3n\u00bb debe ser la misma que con el resto de los equipos de la categor\u00eda de bronce del f\u00fatbol espa\u00f1ol, independientemente del nombre que &#8230;<\/p>\n","protected":false},"author":3,"featured_media":0,"comment_status":"closed","ping_status":"closed","sticky":false,"template":"","format":"standard","meta":{"footnotes":""},"categories":[752,4],"tags":[1431],"class_list":["post-40108","post","type-post","status-publish","format-standard","hentry","category-appgd","category-legionarios","tag-legionarios"],"_links":{"self":[{"href":"http:\/\/gradadigital.com\/home\/wp-json\/wp\/v2\/posts\/40108","targetHints":{"allow":["GET"]}}],"collection":[{"href":"http:\/\/gradadigital.com\/home\/wp-json\/wp\/v2\/posts"}],"about":[{"href":"http:\/\/gradadigital.com\/home\/wp-json\/wp\/v2\/types\/post"}],"author":[{"embeddable":true,"href":"http:\/\/gradadigital.com\/home\/wp-json\/wp\/v2\/users\/3"}],"replies":[{"embeddable":true,"href":"http:\/\/gradadigital.com\/home\/wp-json\/wp\/v2\/comments?post=40108"}],"version-history":[{"count":1,"href":"http:\/\/gradadigital.com\/home\/wp-json\/wp\/v2\/posts\/40108\/revisions"}],"predecessor-version":[{"id":40109,"href":"http:\/\/gradadigital.com\/home\/wp-json\/wp\/v2\/posts\/40108\/revisions\/40109"}],"wp:attachment":[{"href":"http:\/\/gradadigital.com\/home\/wp-json\/wp\/v2\/media?parent=40108"}],"wp:term":[{"taxonomy":"category","embeddable":true,"href":"http:\/\/gradadigital.com\/home\/wp-json\/wp\/v2\/categories?post=40108"},{"taxonomy":"post_tag","embeddable":true,"href":"http:\/\/gradadigital.com\/home\/wp-json\/wp\/v2\/tags?post=40108"}],"curies":[{"name":"wp","href":"https:\/\/api.w.org\/{rel}","templated":true}]}}