{"id":39898,"date":"2020-10-31T15:19:38","date_gmt":"2020-10-31T19:19:38","guid":{"rendered":"http:\/\/gradadigital.com\/home\/?p=39898"},"modified":"2020-11-01T20:18:54","modified_gmt":"2020-11-02T00:18:54","slug":"neymar-se-perdera-el-partido-ante-venezuela","status":"publish","type":"post","link":"http:\/\/gradadigital.com\/home\/neymar-se-perdera-el-partido-ante-venezuela\/","title":{"rendered":"Neymar se perder\u00e1 el partido ante Venezuela"},"content":{"rendered":"\n<figure class=\"wp-block-image size-large\"><img loading=\"lazy\" decoding=\"async\" width=\"682\" height=\"455\" src=\"http:\/\/gradadigital.com\/home\/wp-content\/uploads\/2020\/11\/neymar_30102020.jpg\" alt=\"\" class=\"wp-image-39931\" srcset=\"http:\/\/gradadigital.com\/home\/wp-content\/uploads\/2020\/11\/neymar_30102020.jpg 682w, http:\/\/gradadigital.com\/home\/wp-content\/uploads\/2020\/11\/neymar_30102020-300x200.jpg 300w\" sizes=\"auto, (max-width: 682px) 100vw, 682px\" \/><\/figure>\n\n\n<p style=\"text-align: justify;\"><strong>EFE &#8211;<\/strong> Neymar, delantero brasile\u00f1o del Par\u00eds Saint-Germain, estar\u00e1 de baja hasta finales de noviembre por una lesi\u00f3n de aductores que le oblig\u00f3 a ser sustituido en el \u00faltimo partido de su equipo en la Liga de Campeones, por lo que se perder\u00e1 dos encuentros con Brasil, indic\u00f3 este viernes su entrenador, Thomas Tuchel.<\/p>\n<p style=\"text-align: justify;\">El t\u00e9cnico se\u00f1al\u00f3 que Neymar podr\u00e1 estar disponible tras el periodo de partidos internacionales previstos en noviembre.<\/p>\n<p style=\"text-align: justify;\">El delantero brasile\u00f1o sufri\u00f3 un problema de aductores en el primer tiempo del duelo que el PSG jug\u00f3 en Estambul contra el Basaksehir el pasado mi\u00e9rcoles, que acab\u00f3 0-2 a favor del conjunto franc\u00e9s.<\/p>\n<p style=\"text-align: justify;\">Neymar, autor de tres goles contra Per\u00fa el pasado d\u00eda 13, hab\u00eda sido convocado por el seleccionador brasile\u00f1o para los partidos del 14 y el 17 de noviembre contra Venezuela y Uruguay, de la fase de clasificaci\u00f3n del Mundial de 2022.<\/p>\n<p style=\"text-align: justify;\">Con el PSG va a perderse dos partidos de liga y uno decisivo de Liga de Campeones contra el Leipzig.<\/p>","protected":false},"excerpt":{"rendered":"<p>EFE &#8211; Neymar, delantero brasile\u00f1o del Par\u00eds Saint-Germain, estar\u00e1 de baja hasta finales de noviembre por una lesi\u00f3n de aductores que le oblig\u00f3 a ser sustituido en el \u00faltimo partido de su equipo en la Liga de Campeones, por lo que se perder\u00e1 dos encuentros con Brasil, indic\u00f3 este viernes su entrenador, Thomas Tuchel. El &#8230;<\/p>\n","protected":false},"author":3,"featured_media":39931,"comment_status":"closed","ping_status":"closed","sticky":false,"template":"","format":"standard","meta":{"footnotes":""},"categories":[752,36,40,3],"tags":[1477,679,2046],"class_list":["post-39898","post","type-post","status-publish","format-standard","has-post-thumbnail","hentry","category-appgd","category-internacional","category-seleccion-nacional-mayores","category-seleccion-nacional","tag-internacional","tag-neymar","tag-seleccion-nacional-mayores"],"_links":{"self":[{"href":"http:\/\/gradadigital.com\/home\/wp-json\/wp\/v2\/posts\/39898","targetHints":{"allow":["GET"]}}],"collection":[{"href":"http:\/\/gradadigital.com\/home\/wp-json\/wp\/v2\/posts"}],"about":[{"href":"http:\/\/gradadigital.com\/home\/wp-json\/wp\/v2\/types\/post"}],"author":[{"embeddable":true,"href":"http:\/\/gradadigital.com\/home\/wp-json\/wp\/v2\/users\/3"}],"replies":[{"embeddable":true,"href":"http:\/\/gradadigital.com\/home\/wp-json\/wp\/v2\/comments?post=39898"}],"version-history":[{"count":2,"href":"http:\/\/gradadigital.com\/home\/wp-json\/wp\/v2\/posts\/39898\/revisions"}],"predecessor-version":[{"id":39932,"href":"http:\/\/gradadigital.com\/home\/wp-json\/wp\/v2\/posts\/39898\/revisions\/39932"}],"wp:featuredmedia":[{"embeddable":true,"href":"http:\/\/gradadigital.com\/home\/wp-json\/wp\/v2\/media\/39931"}],"wp:attachment":[{"href":"http:\/\/gradadigital.com\/home\/wp-json\/wp\/v2\/media?parent=39898"}],"wp:term":[{"taxonomy":"category","embeddable":true,"href":"http:\/\/gradadigital.com\/home\/wp-json\/wp\/v2\/categories?post=39898"},{"taxonomy":"post_tag","embeddable":true,"href":"http:\/\/gradadigital.com\/home\/wp-json\/wp\/v2\/tags?post=39898"}],"curies":[{"name":"wp","href":"https:\/\/api.w.org\/{rel}","templated":true}]}}