{"id":39896,"date":"2020-10-31T14:56:13","date_gmt":"2020-10-31T18:56:13","guid":{"rendered":"http:\/\/gradadigital.com\/home\/?p=39896"},"modified":"2020-11-01T21:02:12","modified_gmt":"2020-11-02T01:02:12","slug":"wilker-angel-se-reencuentra-con-el-gol-en-rusia","status":"publish","type":"post","link":"http:\/\/gradadigital.com\/home\/wilker-angel-se-reencuentra-con-el-gol-en-rusia\/","title":{"rendered":"+VIDEO | Wilker \u00c1ngel se reencuentra con el gol en Rusia"},"content":{"rendered":"\n<div class=\"wp-block-image\"><figure class=\"aligncenter size-large\"><img loading=\"lazy\" decoding=\"async\" width=\"682\" height=\"455\" src=\"http:\/\/gradadigital.com\/home\/wp-content\/uploads\/2020\/11\/wilker_angel_31102020.jpg\" alt=\"\" class=\"wp-image-39922\" srcset=\"http:\/\/gradadigital.com\/home\/wp-content\/uploads\/2020\/11\/wilker_angel_31102020.jpg 682w, http:\/\/gradadigital.com\/home\/wp-content\/uploads\/2020\/11\/wilker_angel_31102020-300x200.jpg 300w\" sizes=\"auto, (max-width: 682px) 100vw, 682px\" \/><\/figure><\/div>\n\n\n<p style=\"text-align: justify;\"><strong>Cucho Contreras &#8211;<\/strong> El defensor venezolano Wilker \u00c1ngel anot\u00f3 este s\u00e1bado, 31 de octubre, en la victoria (2-0) de su equipo, el Akhmat Grozny, en condici\u00f3n de local, ante el Krasnodar, en partido correspondiente a la Jornada 13 de la Premier League de Rusia.<\/p>\n<p style=\"text-align: justify;\">El futbolista criollo de 27 a\u00f1os de edad, quien disput\u00f3 la totalidad del encuentro, abri\u00f3 el marcador en el minuto 66 luego de aprovechar un bal\u00f3n suelto dentro del \u00e1rea. Primer gol del internacional Vinotinto esta temporada tras disputar 6 partidos, 4 como titular.<\/p>\n<p style=\"text-align: justify;\">El choque lo sentenci\u00f3 el mediocampista brasile\u00f1o Ismael Silva con un tiro lejano a ocho minutos del final.<\/p>\n<p style=\"text-align: justify;\">Con este triunfo, el conjunto dirigido por Andrey Talalaev se ubica en la novena posici\u00f3n de la tabla de clasificaci\u00f3n con 20 unidades, a 7 puntos del l\u00edder Spartak Mosc\u00fa.<\/p>\n<p><video id=\"video\" controls=\"controls\" width=\"621\" height=\"361\"><source type=\"video\/mp4\" src=\"http:\/\/gradadigital.com\/home\/wp-content\/uploads\/2020\/11\/wilker_angel_311102020.mp4\"\/><\/video><\/p>","protected":false},"excerpt":{"rendered":"<p>Cucho Contreras &#8211; El defensor venezolano Wilker \u00c1ngel anot\u00f3 este s\u00e1bado, 31 de octubre, en la victoria (2-0) de su equipo, el Akhmat Grozny, en condici\u00f3n de local, ante el Krasnodar, en partido correspondiente a la Jornada 13 de la Premier League de Rusia. El futbolista criollo de 27 a\u00f1os de edad, quien disput\u00f3 la &#8230;<\/p>\n","protected":false},"author":3,"featured_media":39922,"comment_status":"closed","ping_status":"closed","sticky":false,"template":"","format":"standard","meta":{"footnotes":""},"categories":[752,4],"tags":[1431,959],"class_list":["post-39896","post","type-post","status-publish","format-standard","has-post-thumbnail","hentry","category-appgd","category-legionarios","tag-legionarios","tag-wilker-angel"],"_links":{"self":[{"href":"http:\/\/gradadigital.com\/home\/wp-json\/wp\/v2\/posts\/39896","targetHints":{"allow":["GET"]}}],"collection":[{"href":"http:\/\/gradadigital.com\/home\/wp-json\/wp\/v2\/posts"}],"about":[{"href":"http:\/\/gradadigital.com\/home\/wp-json\/wp\/v2\/types\/post"}],"author":[{"embeddable":true,"href":"http:\/\/gradadigital.com\/home\/wp-json\/wp\/v2\/users\/3"}],"replies":[{"embeddable":true,"href":"http:\/\/gradadigital.com\/home\/wp-json\/wp\/v2\/comments?post=39896"}],"version-history":[{"count":3,"href":"http:\/\/gradadigital.com\/home\/wp-json\/wp\/v2\/posts\/39896\/revisions"}],"predecessor-version":[{"id":39935,"href":"http:\/\/gradadigital.com\/home\/wp-json\/wp\/v2\/posts\/39896\/revisions\/39935"}],"wp:featuredmedia":[{"embeddable":true,"href":"http:\/\/gradadigital.com\/home\/wp-json\/wp\/v2\/media\/39922"}],"wp:attachment":[{"href":"http:\/\/gradadigital.com\/home\/wp-json\/wp\/v2\/media?parent=39896"}],"wp:term":[{"taxonomy":"category","embeddable":true,"href":"http:\/\/gradadigital.com\/home\/wp-json\/wp\/v2\/categories?post=39896"},{"taxonomy":"post_tag","embeddable":true,"href":"http:\/\/gradadigital.com\/home\/wp-json\/wp\/v2\/tags?post=39896"}],"curies":[{"name":"wp","href":"https:\/\/api.w.org\/{rel}","templated":true}]}}