{"id":39824,"date":"2020-09-21T15:32:10","date_gmt":"2020-09-21T19:32:10","guid":{"rendered":"http:\/\/gradadigital.com\/home\/?p=39824"},"modified":"2020-09-21T16:22:08","modified_gmt":"2020-09-21T20:22:08","slug":"leganes-busca-un-recambio-para-roberto-rosales","status":"publish","type":"post","link":"http:\/\/gradadigital.com\/home\/leganes-busca-un-recambio-para-roberto-rosales\/","title":{"rendered":"Legan\u00e9s busca un recambio para Roberto Rosales"},"content":{"rendered":"\n<div class=\"wp-block-image\"><figure class=\"aligncenter size-large\"><img loading=\"lazy\" decoding=\"async\" width=\"682\" height=\"455\" src=\"http:\/\/gradadigital.com\/home\/wp-content\/uploads\/2020\/09\/roberto_rosales_leganes_21092020.jpg\" alt=\"\" class=\"wp-image-39826\" srcset=\"http:\/\/gradadigital.com\/home\/wp-content\/uploads\/2020\/09\/roberto_rosales_leganes_21092020.jpg 682w, http:\/\/gradadigital.com\/home\/wp-content\/uploads\/2020\/09\/roberto_rosales_leganes_21092020-300x200.jpg 300w\" sizes=\"auto, (max-width: 682px) 100vw, 682px\" \/><\/figure><\/div>\n\n\n<p style=\"text-align: justify;\"><strong>EFE &#8211;<\/strong> Txema Indias, director deportivo del Legan\u00e9s, confirm\u00f3 que el club se encuentra actualmente buscando un futbolista que refuerce el lateral derecho, puesto donde el venezolano Roberto Rosales es de momento indiscutible.<\/p>\n<p style=\"text-align: justify;\"><strong>\u00abQuedan d\u00edas de mercado. No quedan muchas fichas por cubrir pero es evidente que en los laterales hay que traer, tanto en derecha como izquierda. Y estamos buscando un jugador en el medio campo para que nos ayude en esa posici\u00f3n\u00bb<\/strong>, indic\u00f3 este durante la presentaci\u00f3n de Ignasi Miquel.<\/p>\n<p style=\"text-align: justify;\">Rosales ha disputado como titular los dos encuentros oficiales de su equipo hasta la fecha, el de la primera jornada que acab\u00f3 con victoria por 1-0 ante la UD Las Palmas y el de la segunda que se sald\u00f3 con derrota en Lugo por 2-1.<\/p>\n<p style=\"text-align: justify;\">Sin embargo en este \u00faltimo no pudo situarse en su posici\u00f3n habitual, la de lateral derecho. Debido a la baja por unas molestias f\u00edsicas de Jonathan Silva, inquilino habitual del costado zurdo de la zaga, el internacional venezolano fue desplazado hacia all\u00ed. Su lugar en el lado opuesto lo ocup\u00f3 el canterano debutante Javi Rubio.<\/p>","protected":false},"excerpt":{"rendered":"<p>EFE &#8211; Txema Indias, director deportivo del Legan\u00e9s, confirm\u00f3 que el club se encuentra actualmente buscando un futbolista que refuerce el lateral derecho, puesto donde el venezolano Roberto Rosales es de momento indiscutible. \u00abQuedan d\u00edas de mercado. No quedan muchas fichas por cubrir pero es evidente que en los laterales hay que traer, tanto en &#8230;<\/p>\n","protected":false},"author":3,"featured_media":39826,"comment_status":"closed","ping_status":"closed","sticky":false,"template":"","format":"standard","meta":{"footnotes":""},"categories":[752,4],"tags":[1431,77],"class_list":["post-39824","post","type-post","status-publish","format-standard","has-post-thumbnail","hentry","category-appgd","category-legionarios","tag-legionarios","tag-roberto-rosales"],"_links":{"self":[{"href":"http:\/\/gradadigital.com\/home\/wp-json\/wp\/v2\/posts\/39824","targetHints":{"allow":["GET"]}}],"collection":[{"href":"http:\/\/gradadigital.com\/home\/wp-json\/wp\/v2\/posts"}],"about":[{"href":"http:\/\/gradadigital.com\/home\/wp-json\/wp\/v2\/types\/post"}],"author":[{"embeddable":true,"href":"http:\/\/gradadigital.com\/home\/wp-json\/wp\/v2\/users\/3"}],"replies":[{"embeddable":true,"href":"http:\/\/gradadigital.com\/home\/wp-json\/wp\/v2\/comments?post=39824"}],"version-history":[{"count":2,"href":"http:\/\/gradadigital.com\/home\/wp-json\/wp\/v2\/posts\/39824\/revisions"}],"predecessor-version":[{"id":39827,"href":"http:\/\/gradadigital.com\/home\/wp-json\/wp\/v2\/posts\/39824\/revisions\/39827"}],"wp:featuredmedia":[{"embeddable":true,"href":"http:\/\/gradadigital.com\/home\/wp-json\/wp\/v2\/media\/39826"}],"wp:attachment":[{"href":"http:\/\/gradadigital.com\/home\/wp-json\/wp\/v2\/media?parent=39824"}],"wp:term":[{"taxonomy":"category","embeddable":true,"href":"http:\/\/gradadigital.com\/home\/wp-json\/wp\/v2\/categories?post=39824"},{"taxonomy":"post_tag","embeddable":true,"href":"http:\/\/gradadigital.com\/home\/wp-json\/wp\/v2\/tags?post=39824"}],"curies":[{"name":"wp","href":"https:\/\/api.w.org\/{rel}","templated":true}]}}