{"id":39806,"date":"2020-09-20T20:31:57","date_gmt":"2020-09-21T00:31:57","guid":{"rendered":"http:\/\/gradadigital.com\/home\/?p=39806"},"modified":"2020-09-20T23:06:05","modified_gmt":"2020-09-21T03:06:05","slug":"fotos-magica-tarde-de-darwin-machis-gol-asistencia-y-mvp","status":"publish","type":"post","link":"http:\/\/gradadigital.com\/home\/fotos-magica-tarde-de-darwin-machis-gol-asistencia-y-mvp\/","title":{"rendered":"+FOTOS | M\u00e1gica tarde de Darwin Mach\u00eds: gol, asistencia y MVP"},"content":{"rendered":"<p style=\"text-align: center;\"><img loading=\"lazy\" decoding=\"async\" class=\"alignnone wp-image-39808 size-full\" src=\"http:\/\/gradadigital.com\/home\/wp-content\/uploads\/2020\/09\/darwin_machis_granada_alaves_20092020_3.jpg\" alt=\"\" width=\"682\" height=\"455\" srcset=\"http:\/\/gradadigital.com\/home\/wp-content\/uploads\/2020\/09\/darwin_machis_granada_alaves_20092020_3.jpg 682w, http:\/\/gradadigital.com\/home\/wp-content\/uploads\/2020\/09\/darwin_machis_granada_alaves_20092020_3-300x200.jpg 300w\" sizes=\"auto, (max-width: 682px) 100vw, 682px\" \/><\/p>\n<p style=\"text-align: justify;\"><strong>EFE &#8211;<\/strong> El Granada CF logr\u00f3 este domingo su segunda victoria seguida en el inicio de LaLiga Santander, que le va a permitir acabar la jornada como l\u00edder empatado a puntos con el Real Betis, al vencer en el Estadio Nuevo Los C\u00e1rmenes por 2-1 al Deportivo Alav\u00e9s, que sigue con su casillero de puntos a cero.<\/p>\n<p style=\"text-align: justify;\">Adelant\u00f3 Roberto Soldado a los locales y empat\u00f3 de falta directa Joselu Mato en una primera mitad dominada por los locales, mientras que en la segunda mitad, que fue m\u00e1s igualada, <strong>alcanz\u00f3 el triunfo el cuadro andaluz gracias a un tanto del venezolano Darwin Mach\u00eds<\/strong>.<\/p>\n<p style=\"text-align: justify;\">Tras un equilibrado inicio de partido, el Granada marc\u00f3 en el minuto 7 en su primer acercamiento peligroso gracias al sensacional control orientado y remate posterior de Soldado, <strong>despu\u00e9s del pase en largo de Mach\u00eds<\/strong>, para ganar en velocidad a Rodrigo Ely y superar por abajo a Fernando Pacheco.<\/p>\n<p style=\"text-align: justify;\">Los locales controlaron bien el choque con el marcador a favor ante un Alav\u00e9s poco incisivo pero que fue capaz de empatar en una falta directa lanzada con un potente chut por Joselu que super\u00f3 al meta portugu\u00e9s Rui Silva.<\/p>\n<p style=\"text-align: justify;\">Sufrieron a bal\u00f3n parado los andaluces, ya que poco despu\u00e9s del empate Roberto Soldado remat\u00f3 sobre el poste de su propia meta un saque de esquina de Luis Rioja que estuvo a punto de convertirse en el 1-2.<\/p>\n<p style=\"text-align: justify;\">Recuper\u00f3 la manija del partido en el tramo final del primer tiempo el Granada, que hizo da\u00f1o a la espalda de los carrileros visitantes aunque no fue capaz de marcharse al descanso con ventaja en el marcador porque marraron claras ocasiones de gol primero el venezolano <strong>Yangel Herrera<\/strong> y despu\u00e9s Antonio Puertas.<\/p>\n<p style=\"text-align: center;\"><img loading=\"lazy\" decoding=\"async\" class=\"alignnone wp-image-39807 size-full\" src=\"http:\/\/gradadigital.com\/home\/wp-content\/uploads\/2020\/09\/darwin_machis_granada_alaves_20092020_2.jpg\" alt=\"\" width=\"682\" height=\"455\" srcset=\"http:\/\/gradadigital.com\/home\/wp-content\/uploads\/2020\/09\/darwin_machis_granada_alaves_20092020_2.jpg 682w, http:\/\/gradadigital.com\/home\/wp-content\/uploads\/2020\/09\/darwin_machis_granada_alaves_20092020_2-300x200.jpg 300w\" sizes=\"auto, (max-width: 682px) 100vw, 682px\" \/><\/p>\n<p style=\"text-align: justify;\">No le estaba gustando el partido de los suyos al t\u00e9cnico Pablo Mach\u00edn, que dio entrada al inicio del segundo tiempo a Ximo Navarro y Rub\u00e9n Duarte para cambiar su habitual dibujo de tres centrales y dos carrileros a otro con zaga de cuatro.<\/p>\n<p style=\"text-align: justify;\">El Granada domin\u00f3 tambi\u00e9n en el segundo tiempo, aunque el Alav\u00e9s se arm\u00f3 mejor sin bal\u00f3n con el nuevo esquema y las llegadas a ambos \u00e1reas escasearon hasta la hora de juego.<\/p>\n<p style=\"text-align: justify;\">Lo intent\u00f3 el cuadro dirigido por Diego Mart\u00ednez con un remate de Soldado que repeli\u00f3 un defensa alavesista y, poco despu\u00e9s, con un testarazo de \u00c1ngel Montoro que no encontr\u00f3 porter\u00eda.<\/p>\n<p style=\"text-align: justify;\">El Alav\u00e9s, que creci\u00f3 en el segundo acto con el paso de los minutos, tambi\u00e9n tuvo su ocasi\u00f3n con un remate de \u00c9dgar M\u00e9ndez que despejaron entre Rui Silva y el larguero.<\/p>\n<p style=\"text-align: center;\"><img loading=\"lazy\" decoding=\"async\" class=\"alignnone wp-image-39809 size-full\" src=\"http:\/\/gradadigital.com\/home\/wp-content\/uploads\/2020\/09\/darwin_machis_granada_alaves_20092020.jpg\" alt=\"\" width=\"682\" height=\"455\" srcset=\"http:\/\/gradadigital.com\/home\/wp-content\/uploads\/2020\/09\/darwin_machis_granada_alaves_20092020.jpg 682w, http:\/\/gradadigital.com\/home\/wp-content\/uploads\/2020\/09\/darwin_machis_granada_alaves_20092020-300x200.jpg 300w\" sizes=\"auto, (max-width: 682px) 100vw, 682px\" \/><\/p>\n<p style=\"text-align: justify;\"><strong>Mach\u00eds, el mejor del partido, marc\u00f3 justo en la siguiente jugada el 2-1, tras un medido centro de Montoro, ante un Pacheco que le sac\u00f3 el primer remate pero no el segundo<\/strong>.<\/p>\n<p style=\"text-align: justify;\">El Alav\u00e9s lo intent\u00f3 hasta el final para lograr al menos un punto, mas en su \u00fanica ocasi\u00f3n Rui Silva se luci\u00f3 ante el chut lejano de Ximo Navarro.<\/p>\n<p style=\"text-align: justify;\"><strong><span style=\"text-decoration: underline;\">Ficha T\u00e9cnica<\/span>:<br \/>\n<\/strong><strong>Granada CF (2):<\/strong> Rui Silva; Foulquier, Domingos Duarte, Vallejo, Carlos Neva; Gonalons, <strong>Yangel Herrera<\/strong> (Montoro, m.64), Luis Milla (V\u00edctor D\u00edaz, m.90); Antonio Puertas (Kenedy, m.64), <strong>Mach\u00eds<\/strong> (Germ\u00e1n, m.84) y Soldado (Jorge Molina, m.84).<\/p>\n<p style=\"text-align: justify;\"><strong>Deportivo Alav\u00e9s (1):<\/strong> Pacheco; Laguardia, Lejeune, Ely (Duarte, m.46); \u00c9dgar (Guidetti, m.88), Abdalli (Ximo Navarro, m.46), Bataglia, Pere Pons, Luis Rioja (Borja Sainz, m.72); Joselu y Deyverson.<\/p>\n<p style=\"text-align: justify;\"><strong>\u00c1rbitro:<\/strong> Del Cerro Grande (C. Madrile\u00f1o). Mostr\u00f3 cartulina amarilla a los visitantes \u00c9dgar (m.24), Battaglia (m.26) y Lejeune (m.49).<br \/>\n<strong>Goles:<\/strong> 1-0, m.7)\u00a1; Soldado. 1-1, m.22: Joselu. 2-1, m.79: <strong>Mach\u00eds<\/strong>.<br \/>\n<strong>Incidencias:<\/strong> Partido correspondiente a la jornada 2 de LaLiga Santander disputado en el Estadio Nuevo Los C\u00e1rmenes a puerta cerrada. Antes del inicio del partido se guard\u00f3 un minuto de silencio por el reciente fallecimiento del ex futbolista del Granada CF Rafa Lelo.<\/p>\n","protected":false},"excerpt":{"rendered":"<p>EFE &#8211; El Granada CF logr\u00f3 este domingo su segunda victoria seguida en el inicio de LaLiga Santander, que le va a permitir acabar la jornada como l\u00edder empatado a puntos con el Real Betis, al vencer en el Estadio Nuevo Los C\u00e1rmenes por 2-1 al Deportivo Alav\u00e9s, que sigue con su casillero de puntos &#8230;<\/p>\n","protected":false},"author":4,"featured_media":39808,"comment_status":"closed","ping_status":"closed","sticky":false,"template":"","format":"standard","meta":{"footnotes":""},"categories":[43,752,36,4],"tags":[253,255,218,1623,1133,1431,2239,2232],"class_list":["post-39806","post","type-post","status-publish","format-standard","has-post-thumbnail","hentry","category-fotos","category-appgd","category-internacional","category-legionarios","tag-darwin-machis","tag-espana","tag-futbol","tag-granada","tag-la-liga","tag-legionarios","tag-liga","tag-yangel-herrera"],"_links":{"self":[{"href":"http:\/\/gradadigital.com\/home\/wp-json\/wp\/v2\/posts\/39806","targetHints":{"allow":["GET"]}}],"collection":[{"href":"http:\/\/gradadigital.com\/home\/wp-json\/wp\/v2\/posts"}],"about":[{"href":"http:\/\/gradadigital.com\/home\/wp-json\/wp\/v2\/types\/post"}],"author":[{"embeddable":true,"href":"http:\/\/gradadigital.com\/home\/wp-json\/wp\/v2\/users\/4"}],"replies":[{"embeddable":true,"href":"http:\/\/gradadigital.com\/home\/wp-json\/wp\/v2\/comments?post=39806"}],"version-history":[{"count":2,"href":"http:\/\/gradadigital.com\/home\/wp-json\/wp\/v2\/posts\/39806\/revisions"}],"predecessor-version":[{"id":39822,"href":"http:\/\/gradadigital.com\/home\/wp-json\/wp\/v2\/posts\/39806\/revisions\/39822"}],"wp:featuredmedia":[{"embeddable":true,"href":"http:\/\/gradadigital.com\/home\/wp-json\/wp\/v2\/media\/39808"}],"wp:attachment":[{"href":"http:\/\/gradadigital.com\/home\/wp-json\/wp\/v2\/media?parent=39806"}],"wp:term":[{"taxonomy":"category","embeddable":true,"href":"http:\/\/gradadigital.com\/home\/wp-json\/wp\/v2\/categories?post=39806"},{"taxonomy":"post_tag","embeddable":true,"href":"http:\/\/gradadigital.com\/home\/wp-json\/wp\/v2\/tags?post=39806"}],"curies":[{"name":"wp","href":"https:\/\/api.w.org\/{rel}","templated":true}]}}