{"id":39800,"date":"2020-09-19T23:20:59","date_gmt":"2020-09-20T03:20:59","guid":{"rendered":"http:\/\/gradadigital.com\/home\/?p=39800"},"modified":"2020-09-19T23:21:04","modified_gmt":"2020-09-20T03:21:04","slug":"rafa-romo-debuta-en-la-primera-division-de-belgica","status":"publish","type":"post","link":"http:\/\/gradadigital.com\/home\/rafa-romo-debuta-en-la-primera-division-de-belgica\/","title":{"rendered":"Rafa Romo debuta en la Primera Divisi\u00f3n de B\u00e9lgica"},"content":{"rendered":"\n<figure class=\"wp-block-image size-large\"><img loading=\"lazy\" decoding=\"async\" width=\"682\" height=\"455\" src=\"http:\/\/gradadigital.com\/home\/wp-content\/uploads\/2020\/09\/rafael_romo_19092020.jpg\" alt=\"\" class=\"wp-image-39801\" srcset=\"http:\/\/gradadigital.com\/home\/wp-content\/uploads\/2020\/09\/rafael_romo_19092020.jpg 682w, http:\/\/gradadigital.com\/home\/wp-content\/uploads\/2020\/09\/rafael_romo_19092020-300x200.jpg 300w\" sizes=\"auto, (max-width: 682px) 100vw, 682px\" \/><\/figure>\n\n\n<p style=\"text-align: justify;\"><strong>Cucho Contreras &#8211;<\/strong> El portero venezolano Rafael Romo debut\u00f3 este s\u00e1bado en la m\u00e1xima categor\u00eda del f\u00fatbol belga en la derrota (3-1) de su equipo, el OH Leuven, en condici\u00f3n de visitante ante el KV Oostende, en partido correspondiente a la Jornada 6 de la Pro League de B\u00e9lgica.<\/p>\n<p style=\"text-align: justify;\">El futbolista criollo de 30 a\u00f1os de edad, quien inici\u00f3 el encuentro en el banco de suplentes, debut\u00f3 tras sustituir al joven arquero dan\u00e9s Daniel Iversen, inmediatamente despu\u00e9s del entretiempo, cuando el marcador estaba 1-0 a favor de los locales.<\/p>\n<p style=\"text-align: justify;\">Con este resultado, el conjunto del oriundo de Tur\u00e9n se ubica en la octava posici\u00f3n de la tabla de clasificaci\u00f3n con 8 unidades, a 10 puntos del l\u00edder Sporting de Charleroi.<\/p>\n<p style=\"text-align: justify;\">El pr\u00f3ximo partido del OH Leuven ser\u00e1 el pr\u00f3ximo s\u00e1bado, 26 de septiembre, nuevamente en condici\u00f3n de visitante, ante KAA Gent.<\/p>","protected":false},"excerpt":{"rendered":"<p>Cucho Contreras &#8211; El portero venezolano Rafael Romo debut\u00f3 este s\u00e1bado en la m\u00e1xima categor\u00eda del f\u00fatbol belga en la derrota (3-1) de su equipo, el OH Leuven, en condici\u00f3n de visitante ante el KV Oostende, en partido correspondiente a la Jornada 6 de la Pro League de B\u00e9lgica. El futbolista criollo de 30 a\u00f1os &#8230;<\/p>\n","protected":false},"author":3,"featured_media":39801,"comment_status":"closed","ping_status":"closed","sticky":false,"template":"","format":"standard","meta":{"footnotes":""},"categories":[752,4],"tags":[1431,609],"class_list":["post-39800","post","type-post","status-publish","format-standard","has-post-thumbnail","hentry","category-appgd","category-legionarios","tag-legionarios","tag-rafael-romo"],"_links":{"self":[{"href":"http:\/\/gradadigital.com\/home\/wp-json\/wp\/v2\/posts\/39800","targetHints":{"allow":["GET"]}}],"collection":[{"href":"http:\/\/gradadigital.com\/home\/wp-json\/wp\/v2\/posts"}],"about":[{"href":"http:\/\/gradadigital.com\/home\/wp-json\/wp\/v2\/types\/post"}],"author":[{"embeddable":true,"href":"http:\/\/gradadigital.com\/home\/wp-json\/wp\/v2\/users\/3"}],"replies":[{"embeddable":true,"href":"http:\/\/gradadigital.com\/home\/wp-json\/wp\/v2\/comments?post=39800"}],"version-history":[{"count":2,"href":"http:\/\/gradadigital.com\/home\/wp-json\/wp\/v2\/posts\/39800\/revisions"}],"predecessor-version":[{"id":39803,"href":"http:\/\/gradadigital.com\/home\/wp-json\/wp\/v2\/posts\/39800\/revisions\/39803"}],"wp:featuredmedia":[{"embeddable":true,"href":"http:\/\/gradadigital.com\/home\/wp-json\/wp\/v2\/media\/39801"}],"wp:attachment":[{"href":"http:\/\/gradadigital.com\/home\/wp-json\/wp\/v2\/media?parent=39800"}],"wp:term":[{"taxonomy":"category","embeddable":true,"href":"http:\/\/gradadigital.com\/home\/wp-json\/wp\/v2\/categories?post=39800"},{"taxonomy":"post_tag","embeddable":true,"href":"http:\/\/gradadigital.com\/home\/wp-json\/wp\/v2\/tags?post=39800"}],"curies":[{"name":"wp","href":"https:\/\/api.w.org\/{rel}","templated":true}]}}