{"id":39792,"date":"2020-09-17T19:08:16","date_gmt":"2020-09-17T23:08:16","guid":{"rendered":"http:\/\/gradadigital.com\/home\/?p=39792"},"modified":"2020-09-18T19:31:06","modified_gmt":"2020-09-18T23:31:06","slug":"victor-garcia-firma-dos-temporadas-por-el-alcorcon","status":"publish","type":"post","link":"http:\/\/gradadigital.com\/home\/victor-garcia-firma-dos-temporadas-por-el-alcorcon\/","title":{"rendered":"V\u00edctor Garc\u00eda firma dos temporadas por el Alcorc\u00f3n"},"content":{"rendered":"<p style=\"text-align: center;\"><img decoding=\"async\" src=\"http:\/\/gradadigital.com\/home\/wp-content\/uploads\/2016\/10\/victor_garcia_entrenamiento_venezuela_vinotinto_07102016.jpg\" \/><\/p>\n<p style=\"text-align: justify;\"><strong>EFE &#8211;<\/strong> V\u00edctor Garc\u00eda, lateral internacional venezolano, se convirti\u00f3 este jueves en nuevo futbolista del Alcorc\u00f3n para las dos pr\u00f3ximas temporadas, hasta 2022, seg\u00fan inform\u00f3 el club alfarero.<\/p>\n<p style=\"text-align: justify;\">V\u00edctor Garc\u00eda, de 26 a\u00f1os y nueve veces internacional con Venezuela, llega a Alcorc\u00f3n tras rescindir su contrato con el Vitoria de Guimaraes portugu\u00e9s, en el que estuvo las \u00faltimas tres campa\u00f1as, aunque la segunda mitad de la temporada 2018\/2019 jug\u00f3 cedido en el Famalicao.<\/p>\n<p style=\"text-align: justify;\">Antes, estuvo cuatro a\u00f1os en el Porto, al que lleg\u00f3 en 2013 desde el Deportivo La Guaira venezolano, club en el que se form\u00f3 desde infantil.<\/p>\n<p style=\"text-align: justify;\">V\u00edctor Garc\u00eda compartir\u00e1 vestuario en el Alcorc\u00f3n con otro compatriota, Samuel Sosa, tambi\u00e9n internacional absoluto venezolano que cumple su segunda campa\u00f1a en el club madrile\u00f1o.<\/p>\n","protected":false},"excerpt":{"rendered":"<p>EFE &#8211; V\u00edctor Garc\u00eda, lateral internacional venezolano, se convirti\u00f3 este jueves en nuevo futbolista del Alcorc\u00f3n para las dos pr\u00f3ximas temporadas, hasta 2022, seg\u00fan inform\u00f3 el club alfarero. V\u00edctor Garc\u00eda, de 26 a\u00f1os y nueve veces internacional con Venezuela, llega a Alcorc\u00f3n tras rescindir su contrato con el Vitoria de Guimaraes portugu\u00e9s, en el que &#8230;<\/p>\n","protected":false},"author":3,"featured_media":32526,"comment_status":"closed","ping_status":"closed","sticky":false,"template":"","format":"standard","meta":{"footnotes":""},"categories":[752,4],"tags":[1431,2238],"class_list":["post-39792","post","type-post","status-publish","format-standard","has-post-thumbnail","hentry","category-appgd","category-legionarios","tag-legionarios","tag-victor-garcia-2"],"_links":{"self":[{"href":"http:\/\/gradadigital.com\/home\/wp-json\/wp\/v2\/posts\/39792","targetHints":{"allow":["GET"]}}],"collection":[{"href":"http:\/\/gradadigital.com\/home\/wp-json\/wp\/v2\/posts"}],"about":[{"href":"http:\/\/gradadigital.com\/home\/wp-json\/wp\/v2\/types\/post"}],"author":[{"embeddable":true,"href":"http:\/\/gradadigital.com\/home\/wp-json\/wp\/v2\/users\/3"}],"replies":[{"embeddable":true,"href":"http:\/\/gradadigital.com\/home\/wp-json\/wp\/v2\/comments?post=39792"}],"version-history":[{"count":1,"href":"http:\/\/gradadigital.com\/home\/wp-json\/wp\/v2\/posts\/39792\/revisions"}],"predecessor-version":[{"id":39795,"href":"http:\/\/gradadigital.com\/home\/wp-json\/wp\/v2\/posts\/39792\/revisions\/39795"}],"wp:featuredmedia":[{"embeddable":true,"href":"http:\/\/gradadigital.com\/home\/wp-json\/wp\/v2\/media\/32526"}],"wp:attachment":[{"href":"http:\/\/gradadigital.com\/home\/wp-json\/wp\/v2\/media?parent=39792"}],"wp:term":[{"taxonomy":"category","embeddable":true,"href":"http:\/\/gradadigital.com\/home\/wp-json\/wp\/v2\/categories?post=39792"},{"taxonomy":"post_tag","embeddable":true,"href":"http:\/\/gradadigital.com\/home\/wp-json\/wp\/v2\/tags?post=39792"}],"curies":[{"name":"wp","href":"https:\/\/api.w.org\/{rel}","templated":true}]}}