{"id":39731,"date":"2020-09-17T02:49:34","date_gmt":"2020-09-17T06:49:34","guid":{"rendered":"http:\/\/gradadigital.com\/home\/?p=39731"},"modified":"2020-09-17T19:46:23","modified_gmt":"2020-09-17T23:46:23","slug":"video-el-recital-de-anderson-contreras-con-golazo-incluido","status":"publish","type":"post","link":"http:\/\/gradadigital.com\/home\/video-el-recital-de-anderson-contreras-con-golazo-incluido\/","title":{"rendered":"VIDEO | El recital de Anderson Contreras con golazo inclu\u00eddo"},"content":{"rendered":"<p style=\"text-align: center;\"><img loading=\"lazy\" decoding=\"async\" class=\"alignnone wp-image-39715 size-full\" src=\"http:\/\/gradadigital.com\/home\/wp-content\/uploads\/2020\/09\/anderson_contreras_dim_caracas_16092020.jpg\" alt=\"\" width=\"682\" height=\"455\" srcset=\"http:\/\/gradadigital.com\/home\/wp-content\/uploads\/2020\/09\/anderson_contreras_dim_caracas_16092020.jpg 682w, http:\/\/gradadigital.com\/home\/wp-content\/uploads\/2020\/09\/anderson_contreras_dim_caracas_16092020-300x200.jpg 300w\" sizes=\"auto, (max-width: 682px) 100vw, 682px\" \/><\/p>\n<p style=\"text-align: justify;\"><strong>GradaDigital.com &#8211;<\/strong> No queda duda que Anderson Contreras se llev\u00f3 los elogios de la noche. Fue clave en los tres goles del Caracas FC, incluyendo un golazo de tiro libre que dej\u00f3 asombrado a todos los que siguieron el encuentro por TV y los pocos presentes en el Atanasio Giradot.<\/p>\n<p style=\"text-align: justify;\">A continuaci\u00f3n repasamos los tres momentos claves:<\/p>\n<p><strong>PASE FILTRADO A EDUARDO FEREIRA (1-0)<\/strong><\/p>\n<blockquote class=\"twitter-tweet\" data-dnt=\"true\">\n<p dir=\"ltr\" lang=\"es\">GOLO | GOAL | GOL<\/p>\n<p>el primero de <a href=\"https:\/\/twitter.com\/Caracas_FC?ref_src=twsrc%5Etfw\">@Caracas_FC<\/a>! lo hizo Eduardo Fereira <a href=\"https:\/\/twitter.com\/hashtag\/Libertadores?src=hash&amp;ref_src=twsrc%5Etfw\">#Libertadores<\/a> <a href=\"https:\/\/t.co\/CfezYW00hs\">pic.twitter.com\/CfezYW00hs<\/a><\/p>\n<p>\u2014 &#x27bf; (@BocaJrsGolo) <a href=\"https:\/\/twitter.com\/BocaJrsGolo\/status\/1306392217280487425?ref_src=twsrc%5Etfw\">September 17, 2020<\/a><\/p><\/blockquote>\n<p><script async=\"\" src=\"https:\/\/platform.twitter.com\/widgets.js\" charset=\"utf-8\"><\/script><br \/>\n<strong>GOLAZO DE TIRO LIBRE (0-2)<\/strong><\/p>\n<blockquote class=\"twitter-tweet\" data-lang=\"es\" data-theme=\"light\">\n<p dir=\"ltr\" lang=\"es\">&#x1f60d; \u00a1Qu\u00e9 golazo! Una clase de c\u00f3mo patear un tiro libre a cargo de Anderson Contreras para que festeje todo <a href=\"https:\/\/twitter.com\/Caracas_FC?ref_src=twsrc%5Etfw\">@Caracas_FC<\/a>. <a href=\"https:\/\/t.co\/gt8nlVWzAW\">pic.twitter.com\/gt8nlVWzAW<\/a><\/p>\n<p>\u2014 CONMEBOL Libertadores (@Libertadores) <a href=\"https:\/\/twitter.com\/Libertadores\/status\/1306419995455488000?ref_src=twsrc%5Etfw\">17 de septiembre de 2020<\/a><\/p><\/blockquote>\n<p><script async=\"\" src=\"https:\/\/platform.twitter.com\/widgets.js\" charset=\"utf-8\"><\/script><br \/>\n<strong>CENTRO A ALEXIS BLANCO Y EL TRIUNFO (2-3)<\/strong><\/p>\n<blockquote class=\"twitter-tweet\" data-conversation=\"none\" data-dnt=\"true\">\n<p dir=\"ltr\" lang=\"es\">GOLO | GOAL | GOL<\/p>\n<p>el tercero de <a href=\"https:\/\/twitter.com\/Caracas_FC?ref_src=twsrc%5Etfw\">@Caracas_FC<\/a>! lo hizo Alexis Blanco<a href=\"https:\/\/twitter.com\/hashtag\/Libertadores?src=hash&amp;ref_src=twsrc%5Etfw\">#Libertadores<\/a> <a href=\"https:\/\/t.co\/MTFK1xyXV6\">pic.twitter.com\/MTFK1xyXV6<\/a><\/p>\n<p>\u2014 &#x27bf; (@BocaJrsGolo) <a href=\"https:\/\/twitter.com\/BocaJrsGolo\/status\/1306416540477255681?ref_src=twsrc%5Etfw\">September 17, 2020<\/a><\/p><\/blockquote>\n<p><script async=\"\" src=\"https:\/\/platform.twitter.com\/widgets.js\" charset=\"utf-8\"><\/script><\/p>\n","protected":false},"excerpt":{"rendered":"<p>GradaDigital.com &#8211; No queda duda que Anderson Contreras se llev\u00f3 los elogios de la noche. Fue clave en los tres goles del Caracas FC, incluyendo un golazo de tiro libre que dej\u00f3 asombrado a todos los que siguieron el encuentro por TV y los pocos presentes en el Atanasio Giradot. A continuaci\u00f3n repasamos los tres &#8230;<\/p>\n","protected":false},"author":4,"featured_media":39715,"comment_status":"closed","ping_status":"closed","sticky":false,"template":"","format":"standard","meta":{"footnotes":""},"categories":[27,752,9,37,36],"tags":[2111,1838,164,1854,2220],"class_list":["post-39731","post","type-post","status-publish","format-standard","has-post-thumbnail","hentry","category-video","category-appgd","category-caracas-fc","category-copa-libertadores","category-internacional","tag-anderson-contreras","tag-caracas-fc","tag-caracas-futbol-club","tag-copa-libertadores","tag-mas-valioso"],"_links":{"self":[{"href":"http:\/\/gradadigital.com\/home\/wp-json\/wp\/v2\/posts\/39731","targetHints":{"allow":["GET"]}}],"collection":[{"href":"http:\/\/gradadigital.com\/home\/wp-json\/wp\/v2\/posts"}],"about":[{"href":"http:\/\/gradadigital.com\/home\/wp-json\/wp\/v2\/types\/post"}],"author":[{"embeddable":true,"href":"http:\/\/gradadigital.com\/home\/wp-json\/wp\/v2\/users\/4"}],"replies":[{"embeddable":true,"href":"http:\/\/gradadigital.com\/home\/wp-json\/wp\/v2\/comments?post=39731"}],"version-history":[{"count":2,"href":"http:\/\/gradadigital.com\/home\/wp-json\/wp\/v2\/posts\/39731\/revisions"}],"predecessor-version":[{"id":39762,"href":"http:\/\/gradadigital.com\/home\/wp-json\/wp\/v2\/posts\/39731\/revisions\/39762"}],"wp:featuredmedia":[{"embeddable":true,"href":"http:\/\/gradadigital.com\/home\/wp-json\/wp\/v2\/media\/39715"}],"wp:attachment":[{"href":"http:\/\/gradadigital.com\/home\/wp-json\/wp\/v2\/media?parent=39731"}],"wp:term":[{"taxonomy":"category","embeddable":true,"href":"http:\/\/gradadigital.com\/home\/wp-json\/wp\/v2\/categories?post=39731"},{"taxonomy":"post_tag","embeddable":true,"href":"http:\/\/gradadigital.com\/home\/wp-json\/wp\/v2\/tags?post=39731"}],"curies":[{"name":"wp","href":"https:\/\/api.w.org\/{rel}","templated":true}]}}