{"id":39699,"date":"2020-09-15T18:13:41","date_gmt":"2020-09-15T22:13:41","guid":{"rendered":"http:\/\/gradadigital.com\/home\/?p=39699"},"modified":"2020-09-18T19:02:07","modified_gmt":"2020-09-18T23:02:07","slug":"sanvicente-estamos-claros-que-debemos-hacer-un-buen-partido-en-medellin","status":"publish","type":"post","link":"http:\/\/gradadigital.com\/home\/sanvicente-estamos-claros-que-debemos-hacer-un-buen-partido-en-medellin\/","title":{"rendered":"Sanvicente: \u00abEstamos claros que debemos hacer un buen partido en Medell\u00edn\u00bb"},"content":{"rendered":"<p style=\"text-align: center;\"><img loading=\"lazy\" decoding=\"async\" class=\"alignnone wp-image-39700 size-full\" src=\"http:\/\/gradadigital.com\/home\/wp-content\/uploads\/2020\/09\/noel_sanvicente_viaje_maiquetia_15092020.jpg\" alt=\"\" width=\"682\" height=\"455\" srcset=\"http:\/\/gradadigital.com\/home\/wp-content\/uploads\/2020\/09\/noel_sanvicente_viaje_maiquetia_15092020.jpg 682w, http:\/\/gradadigital.com\/home\/wp-content\/uploads\/2020\/09\/noel_sanvicente_viaje_maiquetia_15092020-300x200.jpg 300w\" sizes=\"auto, (max-width: 682px) 100vw, 682px\" \/><\/p>\n<p style=\"font-weight: 400; text-align: justify;\"><strong>PRENSA CFC &#8211; <\/strong>El Caracas F\u00fatbol Club disputar\u00e1 este mi\u00e9rcoles a las 8:30 de la noche el tercer partido correspondiente al grupo H de la CONMEBOL Libertadores, cuando visite al Deportivo Independiente Medell\u00edn en un duelo que significar\u00e1 la reanudaci\u00f3n de la competici\u00f3n para ambos conjuntos tras m\u00e1s de seis meses parados debido a la pandemia del Covid-19.\u00a0<\/p>\n<p style=\"font-weight: 400; text-align: justify;\"><strong>\u201cEsto ha sido complicado. Competir al nivel de una Copa Libertadores sin realizar un amistoso previo es muy dif\u00edcil, pero bueno es una realidad, en la que creo la mayor\u00eda de los equipos est\u00e1n as\u00ed; sacando a los equipos paraguayos que entre amistosos y juegos oficiales tendr\u00e1n 12 partidos, casi todos est\u00e1n sin ritmo futbol\u00edstico\u201d,<\/strong>\u00a0coment\u00f3 Noel Sanvicente, director t\u00e9cnico del Caracas.\u00a0<\/p>\n<p style=\"font-weight: 400; text-align: justify;\"><strong>\u201cNosotros hemos trabajado (desde hace m\u00e1s de tres meses en Cocodrilos) pero no tenemos par\u00e1metros de c\u00f3mo est\u00e1 el jugador. Despu\u00e9s est\u00e1n los contagios, un elemento que representa un nivel de stress muy bravo cada d\u00eda, y por \u00faltimo los esfuerzos que ha tenido que hacer cada jugador para entrenar d\u00eda a d\u00eda. Son muchos factores en contra, pero nosotros hemos tratado de hacerlo lo mejor posible y la idea es sumar para seguir teniendo posibilidades en la copa\u201d<\/strong>, subray\u00f3 Sanvicente.\u00a0<\/p>\n<p style=\"font-weight: 400; text-align: justify;\">Como filosof\u00eda de juego el grupo que lidera Sanvicente se basa en lo colectivo, pero tambi\u00e9n le gusta presionar arriba y el profe argumenta que jugar a alta intensidad es un enigma cuando los jugadores no han tenido ritmo competitivo<strong>. \u201cTenemos algunos jugadores con molestias f\u00edsicas que es normal por tanto tiempo parados. Afortunadamente contamos con un equipo con mucha juventud, frescura y que tiene muchas ganas de mostrarse en esta copa, por lo que esperamos que todo salga bien y podamos hacer un buen papel en este partido\u201d<\/strong>, relat\u00f3.\u00a0<\/p>\n<p style=\"font-weight: 400; text-align: justify;\"><strong>Alternativas en la banda.\u00a0<br \/><\/strong>Muchos equipos tuvieron distintas modificaciones en sus plantillas, pero el Caracas mantuvo pr\u00e1cticamente la totalidad de su plantel a excepci\u00f3n del experimentado lateral izquierdo Bernardo A\u00f1or, sensible baja que recuerda Sanvicente.\u00a0<\/p>\n<p style=\"font-weight: 400; text-align: justify;\"><strong>\u201cSabemos que se fue una pieza importante. A\u00f1or siempre ha sido una pieza clave tanto en el juego ofensivo como en lo defensivo, aport\u00f3 much\u00edsimo y fue un jugador muy importante para el grupo, pero la realidad es que no est\u00e1 y tendr\u00e1 la oportunidad el que se ha preparado para esta cita; es el caso de Sandro (Notaroberto) y Renn\u00e9 (Rivas), \u00e9ste \u00faltimo un chamo de 17 a\u00f1os de edad. La idea es seguir con el proyecto y darles la oportunidad a jugadores j\u00f3venes que han trabajado bien para encarar una oportunidad como esta\u201d,<\/strong>\u00a0resalt\u00f3.\u00a0<\/p>\n<p style=\"font-weight: 400; text-align: justify;\"><strong>El rival\u00a0<br \/><\/strong><strong>\u201cEs dif\u00edcil hablar del equipo contrario. Digamos que ellos al igual que nosotros ven\u00edan con buen ritmo antes del par\u00f3n por la pandemia. Nos conocimos en la pretemporada pero hoy eso no cuenta puesto que nos vamos a enfrentar a algo distinto; se le fueron jugadores, le llegaron otros y nadie sabe hoy quien impondr\u00e1 el ritmo sobre la cancha. Esperemos que seamos nosotros, que tenemos jugadores de buena estatura, que saben que est\u00e1n en un equipo grande y que antes de pensar en ellos debemos pensar en nosotros, plantarnos sobre el terreno de juego con mucha personalidad. Hoy por hoy nadie saca presi\u00f3n por la fanaticada porque ser\u00e1n partidos a puerta cerrada y le quitar\u00e1 presi\u00f3n a ambos equipos, m\u00e1s all\u00e1 de que el jugador querr\u00e1 jugar con p\u00fablico, pero al visitante ese factor le quita presi\u00f3n, por lo que sus niveles de concentraci\u00f3n deber\u00edan ser altos y as\u00ed tener la jerarqu\u00eda y personalidad para poder jugar\u201d,<\/strong>\u00a0explic\u00f3 el experimentado entrenador.\u00a0<\/p>\n<p style=\"font-weight: 400; text-align: justify;\">Actualmente Caracas se encuentra tercero en el grupo, producto del empate ante Boca Juniors de la primera fecha en el Ol\u00edmpico, mientras que el DIM est\u00e1 \u00faltimo sin puntos tras su visita ante Boca en Argentina y su partido ante Libertad en Medell\u00edn.\u00a0<strong>\u201cEs obvio (que ser\u00e1 un partido de vida o muerte para ambos); ellos se ir\u00e1n a jugar el todo o nada contra nosotros, y por eso debemos sumar all\u00e1 y sacarle los tres puntos ac\u00e1. Estamos claros que debemos hacer un buen partido en Medell\u00edn porque ser\u00e1 una linda oportunidad de seguir vivos en la copa\u201d<\/strong>, concluy\u00f3 Sanvicente.\u00a0<\/p>\n<p style=\"font-weight: 400; text-align: justify;\">En el pasado al Caracas no le ha tocado enfrentar a clubes colombianos en la CONMEBOL Libertadores, solamente en la Copa Sudamericana y en la desaparecida Copa Merconorte, en la que lleg\u00f3 hasta las semifinales de la edici\u00f3n de 1999, en la que no pudo avanzar a la final al caer desde la tanda de los penales ante Independiente Santa Fe de Colombia.\u00a0<\/p>\n<p style=\"font-weight: 400; text-align: justify;\">El \u00e1rbitro principal del cotejo ser\u00e1 Carlos An\u00edbal Orbe (ecuatoriano), asistido por Ricardo Baren (ecuatoriano) y Dionisio Ruiz (colombiano), mientras que el cuarto juez encargado de impartir justicia ser\u00e1 Carlos Betancourt, tambi\u00e9n de nacionalidad colombiana.\u00a0<\/p>\n<p style=\"font-weight: 400; text-align: justify;\">El regreso del Caracas F\u00fatbol Club a la competici\u00f3n m\u00e1s importante del continente podr\u00e1 ser seguido como ha sido costumbre en los \u00faltimos a\u00f1os por el circuito oficial del equipo, AM y FM center, teniendo como se\u00f1al matriz a Hot 94.1 en la gran Caracas, y en su red de emisoras en todo el territorio venezolano, as\u00ed como tambi\u00e9n por <a href=\"http:\/\/www.deportiva.com.ve\/\" data-saferedirecturl=\"https:\/\/www.google.com\/url?q=http:\/\/www.deportiva.com.ve\/&amp;source=gmail&amp;ust=1600291290763000&amp;usg=AFQjCNH3QTsWp20CvDAsYl7DrYhi4ZFk0w\">www.deportiva.com.ve<\/a>.<\/p>\n<p style=\"font-weight: 400; text-align: justify;\"><strong>DEPORTIVO INDEPENDIENTE MEDELL\u00cdN VS. CARACAS F\u00daTBOL CLUB | JORNADA 3 | GRUPO H<\/strong><\/p>\n<p style=\"font-weight: 400; text-align: justify;\">MI\u00c9RCOLES, 16 DE SEPTIEMBRE DE 2020 | ESTADIO ATANASIO GIRARDOT, MEDELL\u00cdN | 8:30 P.M.\u00a0(VEN)<\/p>\n<p style=\"font-weight: 400; text-align: justify;\"><strong>CONVOCADOS:\u00a0<\/strong>Beycker Vel\u00e1squez, Cristhian Flores, Eduardo Fereira, Carlos Rivero, Diego Osio, Javier Maldonado, Renn\u00e9 Rivas, Sandro Notaroberto, Luis Casiani, Junior Moreno, Manuel Molina, Leonardo Flores, Anderson Contreras, Ricardo Andreutti, Jos\u00e9 Llovera, Jorge Echeverr\u00eda, Robert Hern\u00e1ndez, Osei Bonsu, Edgar Silva, Richard Celis, Alexis Blanco, Sa\u00fal Guarirapa<\/p>\n\n\n<p><\/p>\n","protected":false},"excerpt":{"rendered":"<p>PRENSA CFC &#8211; El Caracas F\u00fatbol Club disputar\u00e1 este mi\u00e9rcoles a las 8:30 de la noche el tercer partido correspondiente al grupo H de la CONMEBOL Libertadores, cuando visite al Deportivo Independiente Medell\u00edn en un duelo que significar\u00e1 la reanudaci\u00f3n de la competici\u00f3n para ambos conjuntos tras m\u00e1s de seis meses parados debido a la &#8230;<\/p>\n","protected":false},"author":4,"featured_media":39700,"comment_status":"closed","ping_status":"closed","sticky":false,"template":"","format":"standard","meta":{"footnotes":""},"categories":[32,752,9,37],"tags":[52,1838,1854],"class_list":["post-39699","post","type-post","status-publish","format-standard","has-post-thumbnail","hentry","category-especial","category-appgd","category-caracas-fc","category-copa-libertadores","tag-caracas","tag-caracas-fc","tag-copa-libertadores"],"_links":{"self":[{"href":"http:\/\/gradadigital.com\/home\/wp-json\/wp\/v2\/posts\/39699","targetHints":{"allow":["GET"]}}],"collection":[{"href":"http:\/\/gradadigital.com\/home\/wp-json\/wp\/v2\/posts"}],"about":[{"href":"http:\/\/gradadigital.com\/home\/wp-json\/wp\/v2\/types\/post"}],"author":[{"embeddable":true,"href":"http:\/\/gradadigital.com\/home\/wp-json\/wp\/v2\/users\/4"}],"replies":[{"embeddable":true,"href":"http:\/\/gradadigital.com\/home\/wp-json\/wp\/v2\/comments?post=39699"}],"version-history":[{"count":2,"href":"http:\/\/gradadigital.com\/home\/wp-json\/wp\/v2\/posts\/39699\/revisions"}],"predecessor-version":[{"id":39790,"href":"http:\/\/gradadigital.com\/home\/wp-json\/wp\/v2\/posts\/39699\/revisions\/39790"}],"wp:featuredmedia":[{"embeddable":true,"href":"http:\/\/gradadigital.com\/home\/wp-json\/wp\/v2\/media\/39700"}],"wp:attachment":[{"href":"http:\/\/gradadigital.com\/home\/wp-json\/wp\/v2\/media?parent=39699"}],"wp:term":[{"taxonomy":"category","embeddable":true,"href":"http:\/\/gradadigital.com\/home\/wp-json\/wp\/v2\/categories?post=39699"},{"taxonomy":"post_tag","embeddable":true,"href":"http:\/\/gradadigital.com\/home\/wp-json\/wp\/v2\/tags?post=39699"}],"curies":[{"name":"wp","href":"https:\/\/api.w.org\/{rel}","templated":true}]}}