{"id":39436,"date":"2020-01-23T23:15:03","date_gmt":"2020-01-24T03:15:03","guid":{"rendered":"http:\/\/gradadigital.com\/home\/?p=39436"},"modified":"2020-01-25T15:06:22","modified_gmt":"2020-01-25T19:06:22","slug":"sampaoli-a-una-firma-de-la-vinotinto","status":"publish","type":"post","link":"http:\/\/gradadigital.com\/home\/sampaoli-a-una-firma-de-la-vinotinto\/","title":{"rendered":"Sampaoli a una firma de La Vinotinto"},"content":{"rendered":"<p style=\"text-align: center;\"><img loading=\"lazy\" decoding=\"async\" class=\"alignnone wp-image-37086 size-full\" src=\"http:\/\/gradadigital.com\/home\/wp-content\/uploads\/2018\/06\/sampaoli_argentina_copa_mundial_rusia2018_26062018.jpg\" alt=\"\" width=\"682\" height=\"455\" srcset=\"http:\/\/gradadigital.com\/home\/wp-content\/uploads\/2018\/06\/sampaoli_argentina_copa_mundial_rusia2018_26062018.jpg 682w, http:\/\/gradadigital.com\/home\/wp-content\/uploads\/2018\/06\/sampaoli_argentina_copa_mundial_rusia2018_26062018-300x200.jpg 300w\" sizes=\"auto, (max-width: 682px) 100vw, 682px\" \/><\/p>\n<p style=\"text-align: justify;\"><strong>GradaDigital.com &#8211;<\/strong> \u00bfEs real la posibilidad de que Jorge Sampaoli llegue a la Selecci\u00f3n de Venezuela? S\u00ed. \u00bfEl estratega conversar\u00e1 con una delegaci\u00f3n de la Federaci\u00f3n Venezolana de F\u00fatbol? Tambi\u00e9n.<\/p>\n<p style=\"text-align: justify;\">Estas preguntas intentan responder las mismas que se hacen los aficionados de La Vinotinto que han escuchado durante semanas tantos nombres entre candidatos y candidatos. Lo cierto es que cuando una Federaci\u00f3n busca a un t\u00e9cnico al mando de su selecci\u00f3n, es normal indagar una lista de posibles estrategas, de la cual llegar\u00e1 el que acepte todas las propuestas que se le hagan. Otros la rechazar\u00e1n.<\/p>\n<p style=\"text-align: justify;\">De esta manera, una delegaci\u00f3n viajar\u00e1 este viernes a Brasil con el objetivo principal de recibir la firma de Jorge Sampaoli, t\u00e9cnico que conquist\u00f3 la Copa Am\u00e9rica con Chile en 2015, y adem\u00e1s dirigi\u00f3 en dos mundiales de f\u00fatbol. Con \u00abLa Roja\u00bb fue al Mundial de Brasil 2014, y con Argentina a Rusia 2018. No le fue muy bien en su experiencia con la \u00abalbiceleste\u00bb, pero mantiene una hoja de trabajo con grandes rasgos de seleccionador top.<\/p>\n<p style=\"text-align: justify;\">Su \u00faltimo trabajo fue dirigiendo al Santos FC donde conoci\u00f3 a Yeferson Soteldo, al cual le habr\u00eda realizado las consultas pertinentes sobre el seleccionado Vinotinto.<\/p>\n<p style=\"text-align: justify;\">El grupo venezolano viajar\u00e1 con el claro optimismo de finiquitar la contrataci\u00f3n del argentino. El tema econ\u00f3mico tiene el visto bueno, y el estratega parece confiar plenamente en el plan de trabajo presentado por la Federaci\u00f3n, hoy comandada por Jes\u00fas Beradinelli como Presidente encargado.<\/p>\n<p style=\"text-align: justify;\">Solo una firma separa a Sampaoli de ser el director t\u00e9cnico de manera oficial. Las pr\u00f3ximas horas ser\u00e1n determinantes.<\/p>\n","protected":false},"excerpt":{"rendered":"<p>GradaDigital.com &#8211; \u00bfEs real la posibilidad de que Jorge Sampaoli llegue a la Selecci\u00f3n de Venezuela? S\u00ed. \u00bfEl estratega conversar\u00e1 con una delegaci\u00f3n de la Federaci\u00f3n Venezolana de F\u00fatbol? Tambi\u00e9n. Estas preguntas intentan responder las mismas que se hacen los aficionados de La Vinotinto que han escuchado durante semanas tantos nombres entre candidatos y candidatos. &#8230;<\/p>\n","protected":false},"author":4,"featured_media":37086,"comment_status":"closed","ping_status":"closed","sticky":false,"template":"","format":"standard","meta":{"footnotes":""},"categories":[752,40,3],"tags":[216,2187,756,2046,51,71],"class_list":["post-39436","post","type-post","status-publish","format-standard","has-post-thumbnail","hentry","category-appgd","category-seleccion-nacional-mayores","category-seleccion-nacional","tag-futve","tag-joge-sampaoli","tag-sampaoli","tag-seleccion-nacional-mayores","tag-venezuela","tag-vinotinto"],"_links":{"self":[{"href":"http:\/\/gradadigital.com\/home\/wp-json\/wp\/v2\/posts\/39436","targetHints":{"allow":["GET"]}}],"collection":[{"href":"http:\/\/gradadigital.com\/home\/wp-json\/wp\/v2\/posts"}],"about":[{"href":"http:\/\/gradadigital.com\/home\/wp-json\/wp\/v2\/types\/post"}],"author":[{"embeddable":true,"href":"http:\/\/gradadigital.com\/home\/wp-json\/wp\/v2\/users\/4"}],"replies":[{"embeddable":true,"href":"http:\/\/gradadigital.com\/home\/wp-json\/wp\/v2\/comments?post=39436"}],"version-history":[{"count":3,"href":"http:\/\/gradadigital.com\/home\/wp-json\/wp\/v2\/posts\/39436\/revisions"}],"predecessor-version":[{"id":39448,"href":"http:\/\/gradadigital.com\/home\/wp-json\/wp\/v2\/posts\/39436\/revisions\/39448"}],"wp:featuredmedia":[{"embeddable":true,"href":"http:\/\/gradadigital.com\/home\/wp-json\/wp\/v2\/media\/37086"}],"wp:attachment":[{"href":"http:\/\/gradadigital.com\/home\/wp-json\/wp\/v2\/media?parent=39436"}],"wp:term":[{"taxonomy":"category","embeddable":true,"href":"http:\/\/gradadigital.com\/home\/wp-json\/wp\/v2\/categories?post=39436"},{"taxonomy":"post_tag","embeddable":true,"href":"http:\/\/gradadigital.com\/home\/wp-json\/wp\/v2\/tags?post=39436"}],"curies":[{"name":"wp","href":"https:\/\/api.w.org\/{rel}","templated":true}]}}