{"id":39400,"date":"2020-01-08T19:37:00","date_gmt":"2020-01-08T23:37:00","guid":{"rendered":"http:\/\/gradadigital.com\/home\/?p=39400"},"modified":"2020-01-09T13:37:45","modified_gmt":"2020-01-09T17:37:45","slug":"dudamel-presentado-en-brasil-y-explica-su-adios-a-la-vinotinto","status":"publish","type":"post","link":"http:\/\/gradadigital.com\/home\/dudamel-presentado-en-brasil-y-explica-su-adios-a-la-vinotinto\/","title":{"rendered":"Dudamel, presentado en Brasil y explica su adi\u00f3s a la Vinotinto"},"content":{"rendered":"<p style=\"text-align: center;\"><a href=\"http:\/\/gradadigital.com\/home\/wp-content\/uploads\/2020\/01\/rafael_dudamel_08012020.jpg\"><img loading=\"lazy\" decoding=\"async\" class=\"alignnone size-full wp-image-39404\" src=\"http:\/\/gradadigital.com\/home\/wp-content\/uploads\/2020\/01\/rafael_dudamel_08012020.jpg\" alt=\"\" width=\"682\" height=\"455\" srcset=\"http:\/\/gradadigital.com\/home\/wp-content\/uploads\/2020\/01\/rafael_dudamel_08012020.jpg 682w, http:\/\/gradadigital.com\/home\/wp-content\/uploads\/2020\/01\/rafael_dudamel_08012020-300x200.jpg 300w\" sizes=\"auto, (max-width: 682px) 100vw, 682px\" \/><\/a><\/p>\n<p style=\"text-align: justify;\"><strong>EFE &#8211;<\/strong> El venezolano Rafael Dudamel explic\u00f3 este mi\u00e9rcoles en su presentaci\u00f3n como nuevo entrenador del Atl\u00e9tico Mineiro brasile\u00f1o los motivos que le llevaron a abandonar la Vinotinto, entre ellos la falta de <strong>\u00abtranquilidad para trabajar\u00bb<\/strong> y una <strong>\u00abruptura\u00bb<\/strong> de entendimiento con los directivos de la federaci\u00f3n.<\/p>\n<p style=\"text-align: justify;\"><strong>\u00abEl t\u00e9rmino de mi ciclo en la selecci\u00f3n no fue como yo quer\u00eda, pero entend\u00ed y sent\u00ed que ya hab\u00eda una ruptura con los directivos en la comunicaci\u00f3n y el respeto que no permit\u00edan, que no hac\u00edan conveniente, continuar en la selecci\u00f3n porque no hab\u00eda tranquilidad para trabajar\u00bb<\/strong>, confes\u00f3 Dudamel en su primera rueda de prensa en Belo Horizonte.<\/p>\n<p style=\"text-align: justify;\">El entrenador, que firm\u00f3 un contrato por dos temporadas en la que ser\u00e1 su primera experiencia lejos de su pa\u00eds, revel\u00f3 que la llamada del Mineiro le <strong>\u00abalegr\u00f3 mucho\u00bb<\/strong> y que en las primeras conversaciones pudo sentir <strong>\u00abel valor, el respeto al ser humano y al profesional\u00bb<\/strong>.<\/p>\n<p style=\"text-align: justify;\"><strong>\u00abSent\u00ed r\u00e1pidamente el profesionalismo, la sinceridad de un proyecto, de una gran instituci\u00f3n como el Atl\u00e9tico Mineiro. Me sent\u00ed respetado, valorado y me salt\u00f3 un &#8216;click&#8217; en la cabeza\u00bb<\/strong>, asegur\u00f3.<\/p>\n<p style=\"text-align: justify;\">Evit\u00f3 pronunciarse sobre la crisis econ\u00f3mica, social y pol\u00edtica que vive su pa\u00eds y que ha obligado a unos cuatro millones de venezolanos a huir a otras partes del mundo y afirm\u00f3 que <strong>\u00absiempre quiere lo mejor\u00bb<\/strong> para Venezuela.<\/p>\n<p style=\"text-align: justify;\"><strong>\u00abMejorar y recuperar el pa\u00eds depende de los venezolanos con mucho esfuerzo. Estamos trabajando por ser un pa\u00eds cada d\u00eda mejor\u00bb<\/strong>, explic\u00f3.<\/p>\n<p style=\"text-align: justify;\">Dudamel, que fue seleccionador de Venezuela durante casi cuatro a\u00f1os, conf\u00eda en terminar su contrato con su nuevo club, para el que tiene <strong>\u00abmetas muy bien marcadas\u00bb<\/strong> que, seg\u00fan dijo, conseguir\u00e1n si trabajan <strong>\u00abcon mucha intensidad\u00bb<\/strong>.<\/p>\n<p style=\"text-align: justify;\"><strong>\u00abMi mensaje para el aficionado es que Dudamel vino para ganar. \u00bfC\u00f3mo? Con tiempo. El tiempo para alcanzar los triunfos depende de la raz\u00f3n, no de la emoci\u00f3n\u00bb<\/strong>, analiz\u00f3.<\/p>\n<p style=\"text-align: justify;\">Asimismo, pidi\u00f3 a sus nuevos jugadores <strong>\u00abtener la grandeza\u00bb<\/strong> del club que representan y <strong>\u00absaber cuidar de esa exigencia\u00bb<\/strong>.<\/p>\n<p style=\"text-align: justify;\">Tambi\u00e9n inform\u00f3 que le gusta contar con plantillas con un n\u00famero elevado de futbolistas y que piensa <strong>\u00abcontar con todos\u00bb<\/strong> ellos.<\/p>\n<p style=\"text-align: justify;\">Revel\u00f3 que hay algunas negociaciones abiertas para traer nuevos refuerzos y, aunque no adelant\u00f3 ning\u00fan nombre, s\u00ed afirm\u00f3 que tendr\u00e1 un plantel <strong>\u00abm\u00e1s joven\u00bb<\/strong> que el del a\u00f1o pasado.<\/p>\n<p style=\"text-align: justify;\">Preguntado sobre la presencia en la plantilla del tambi\u00e9n venezolano R\u00f3mulo Otero, afirm\u00f3 que est\u00e1 <strong>\u00abfeliz\u00bb<\/strong> de tenerle a sus \u00f3rdenes y que es un jugador <strong>\u00abmuy importante\u00bb<\/strong>.<\/p>\n<p style=\"text-align: justify;\"><strong>\u00abEst\u00e1 consolidado en el Atl\u00e9tico, pero voy a exigirle mucho porque s\u00e9 de sus capacidades. Como voy a exigir tambi\u00e9n a (Juan) Cazares, a (Franco) Di Santo&#8230;\u00bb<\/strong>, apunt\u00f3.<\/p>\n<p style=\"text-align: justify;\">Dudamel afirm\u00f3 que durante su etapa como portero aprendi\u00f3 mucho de sus entrenadores, pero que a la hora de definir un estilo como entrenador le agrad\u00f3 la escuela colombiana.<\/p>\n<p style=\"text-align: justify;\"><strong>\u00abMaturana, G\u00f3mez&#8230; el f\u00fatbol colombiano obtuvo muchos resultados\u00bb<\/strong>, expres\u00f3, para despu\u00e9s a\u00f1adir que cuando estuvo en Europa aprendi\u00f3 que <strong>\u00abla disciplina es la base de todo\u00bb<\/strong>.<\/p>\n<p style=\"text-align: justify;\">A modo de an\u00e9cdota, dijo que el <strong>\u00abh\u00e1bitat natural\u00bb<\/strong> de los grandes equipos es<strong> \u00abel estr\u00e9s\u00bb<\/strong> y la alta <strong>\u00abexigencia\u00bb<\/strong>.<\/p>\n<p style=\"text-align: justify;\"><strong>\u00abCuando estamos una semana de vacaciones en casa, mi esposa me expulsa porque voy a la locura y pienso en f\u00fatbol todo el tiempo, y ella me dice: &#8216;Ciao, vete a trabajar&#8217;. Necesitamos de ese estr\u00e9s\u00bb<\/strong>, revel\u00f3.<\/p>\n","protected":false},"excerpt":{"rendered":"<p>EFE &#8211; El venezolano Rafael Dudamel explic\u00f3 este mi\u00e9rcoles en su presentaci\u00f3n como nuevo entrenador del Atl\u00e9tico Mineiro brasile\u00f1o los motivos que le llevaron a abandonar la Vinotinto, entre ellos la falta de \u00abtranquilidad para trabajar\u00bb y una \u00abruptura\u00bb de entendimiento con los directivos de la federaci\u00f3n. \u00abEl t\u00e9rmino de mi ciclo en la selecci\u00f3n &#8230;<\/p>\n","protected":false},"author":3,"featured_media":39404,"comment_status":"closed","ping_status":"closed","sticky":false,"template":"","format":"standard","meta":{"footnotes":""},"categories":[752,4],"tags":[1431],"class_list":["post-39400","post","type-post","status-publish","format-standard","has-post-thumbnail","hentry","category-appgd","category-legionarios","tag-legionarios"],"_links":{"self":[{"href":"http:\/\/gradadigital.com\/home\/wp-json\/wp\/v2\/posts\/39400","targetHints":{"allow":["GET"]}}],"collection":[{"href":"http:\/\/gradadigital.com\/home\/wp-json\/wp\/v2\/posts"}],"about":[{"href":"http:\/\/gradadigital.com\/home\/wp-json\/wp\/v2\/types\/post"}],"author":[{"embeddable":true,"href":"http:\/\/gradadigital.com\/home\/wp-json\/wp\/v2\/users\/3"}],"replies":[{"embeddable":true,"href":"http:\/\/gradadigital.com\/home\/wp-json\/wp\/v2\/comments?post=39400"}],"version-history":[{"count":1,"href":"http:\/\/gradadigital.com\/home\/wp-json\/wp\/v2\/posts\/39400\/revisions"}],"predecessor-version":[{"id":39405,"href":"http:\/\/gradadigital.com\/home\/wp-json\/wp\/v2\/posts\/39400\/revisions\/39405"}],"wp:featuredmedia":[{"embeddable":true,"href":"http:\/\/gradadigital.com\/home\/wp-json\/wp\/v2\/media\/39404"}],"wp:attachment":[{"href":"http:\/\/gradadigital.com\/home\/wp-json\/wp\/v2\/media?parent=39400"}],"wp:term":[{"taxonomy":"category","embeddable":true,"href":"http:\/\/gradadigital.com\/home\/wp-json\/wp\/v2\/categories?post=39400"},{"taxonomy":"post_tag","embeddable":true,"href":"http:\/\/gradadigital.com\/home\/wp-json\/wp\/v2\/tags?post=39400"}],"curies":[{"name":"wp","href":"https:\/\/api.w.org\/{rel}","templated":true}]}}