{"id":39234,"date":"2019-11-16T21:50:20","date_gmt":"2019-11-17T01:50:20","guid":{"rendered":"http:\/\/gradadigital.com\/home\/?p=39234"},"modified":"2019-11-17T09:57:28","modified_gmt":"2019-11-17T13:57:28","slug":"sonia-oneill-para-mi-estar-en-la-vinotinto-es-una-gran-oportunidad-y-responsabilidad","status":"publish","type":"post","link":"http:\/\/gradadigital.com\/home\/sonia-oneill-para-mi-estar-en-la-vinotinto-es-una-gran-oportunidad-y-responsabilidad\/","title":{"rendered":"Sonia O&#8217;Neill: \u00abPara m\u00ed estar en la Vinotinto es una gran oportunidad y responsabilidad\u00bb"},"content":{"rendered":"<p style=\"text-align: center;\"><a href=\"http:\/\/gradadigital.com\/home\/wp-content\/uploads\/2019\/11\/sonia_oneill_vinotinto_femenina_06112019.jpg\"><img loading=\"lazy\" decoding=\"async\" class=\"alignnone size-full wp-image-39235\" src=\"http:\/\/gradadigital.com\/home\/wp-content\/uploads\/2019\/11\/sonia_oneill_vinotinto_femenina_06112019.jpg\" alt=\"\" width=\"682\" height=\"455\" srcset=\"http:\/\/gradadigital.com\/home\/wp-content\/uploads\/2019\/11\/sonia_oneill_vinotinto_femenina_06112019.jpg 682w, http:\/\/gradadigital.com\/home\/wp-content\/uploads\/2019\/11\/sonia_oneill_vinotinto_femenina_06112019-300x200.jpg 300w\" sizes=\"auto, (max-width: 682px) 100vw, 682px\" \/><\/a><\/p>\n<p style=\"text-align: justify;\"><strong>Prensa Femenino FVF &#8211;<\/strong> El nombre que m\u00e1s llam\u00f3 la atenci\u00f3n del p\u00fablico cuando sali\u00f3 la convocatoria del primer m\u00f3dulo internacional de la selecci\u00f3n nacional femenina absoluta, en Italia, fue el de Sonia O\u2019Neill. La mediocampista naci\u00f3 en Canad\u00e1, su padre es irland\u00e9s y su madre venezolana. Ella milita en el Fleury 91 (primera divisi\u00f3n de Francia) y el primer mensaje que le mand\u00f3 a sus padres en la concentraci\u00f3n fue: <strong>\u201cEste equipo (la Vinotinto) me hace amar el f\u00fatbol otra vez\u201d<\/strong>.<\/p>\n<p style=\"text-align: justify;\">La volante llegaba a su primera concentraci\u00f3n con el combinado patrio con el aval de haberse formado en una universidad de Estados Unidos, marcar esta temporada en la Champions femenina y un considerable recorrido en Europa: Suecia (Husqvarna), Italia (Roma y Bari), Croacia (Split) y Francia (Fleury). <strong>\u201cEl m\u00f3dulo super\u00f3 mis expectativas, no pudo haber sido mejor\u201d<\/strong>, coment\u00f3 O\u2019Neill.<\/p>\n<p style=\"text-align: justify;\">Uno de los aspectos que m\u00e1s impresion\u00f3 a la mediocampista fue el respeto y buena relaci\u00f3n entre la entrenadora (Pamela Conti), el cuerpo t\u00e9cnico y las jugadoras. Asimismo afirm\u00f3 que disfrut\u00f3 mucho las sesiones de trabajo. <strong>\u201cDej\u00e9 este m\u00f3dulo motivada para mejorar en mi f\u00fatbol y mi castellano [risas]\u201d<\/strong>, revel\u00f3 la futbolista, que se integr\u00f3 de muy buena forma con el grupo.<\/p>\n<p style=\"text-align: justify;\"><strong>\u201cHan pasado pocos d\u00edas y ya extra\u00f1o a las chamas [risas]. He jugado en muchos pa\u00edses y esta es la primera vez que me siento realmente bien acogida por todas. Me sent\u00ed en casa con estas chicas\u201d<\/strong>, confes\u00f3. La volante aclar\u00f3 que la ayudaron en la adaptaci\u00f3n y vio que el objetivo de todas no es mejorar <strong>\u201cpara ser una estrella\u201d<\/strong>, sino para crecer en conjunto y ayudar a la Vinotinto. <strong>\u201cSoy honesta cuando digo que el m\u00f3dulo estuvo lleno de energ\u00eda positiva y risas todo el tiempo\u201d<\/strong>, a\u00f1adi\u00f3.<\/p>\n<p style=\"text-align: justify;\">En medio la camarader\u00eda y buena qu\u00edmica est\u00e1 el sentimiento de pertenencia y de compromiso. <strong>\u201cPara m\u00ed estar en la Vinotinto es una gran oportunidad y responsabilidad. No solo me represento a m\u00ed o a mi familia, es a todo un pa\u00eds (\u2026) Cada vez que estoy entrenando en Francia, pienso en Venezuela y en que necesito hacer todo lo posible para dar lo mejor para los venezolanos, para el equipo y para hacer historia\u201d<\/strong>, revel\u00f3 la volante.<\/p>\n<p style=\"text-align: justify;\">\u00bfQu\u00e9 le pidi\u00f3 Pamela Conti en lo futbol\u00edstico? <strong>\u201cMe puso a jugar de \u20185\u2019 u \u20188\u2019 en el mediocampo. La profesora espera que mantenga la posesi\u00f3n y asegure estar conectada con el equipo, en especial, cuando defendamos\u201d<\/strong>, explic\u00f3. Tambi\u00e9n describi\u00f3 a Conti como una <strong>\u201centrenadora incre\u00edble\u201d<\/strong> y que a lo largo del m\u00f3dulo trabajaron mucho la concentraci\u00f3n e hicieron mucho \u00e9nfasis en la t\u00e1ctica.<\/p>\n<p style=\"text-align: justify;\">Cuando se le consult\u00f3 sobre lo que puede aportar, expuso: <strong>\u201cVarias personas me han dicho que tengo una gran visi\u00f3n de juego, inteligencia t\u00e1ctica, fuerza y t\u00e9cnica. Espero que mi experiencia pueda ayudar al equipo a alcanzar nuestra meta\u201d<\/strong>. La mediocampista revel\u00f3 que est\u00e1 enfocada en su dieta y estado f\u00edsico, para llegar mejor a cada m\u00f3dulo.<\/p>\n<p style=\"text-align: justify;\"><strong>El camino a la Vinotinto<\/strong><br \/>\nLa futbolista de 25 a\u00f1os naci\u00f3 en Toronto, pero revel\u00f3 que su madre la puso en contacto con sus ra\u00edces venezolanos desde peque\u00f1a. Como la gran mayor\u00eda de futbolistas creci\u00f3 jugando con ni\u00f1os. A sus 17 a\u00f1os obtuvo una beca para jugar en Estados Unidos y de ah\u00ed di el salto a Europa. <strong>\u201cSalir de casa cuando era joven me ayud\u00f3 a madurar y a convertirme en profesional r\u00e1pidamente\u201d<\/strong>, analiz\u00f3.<\/p>\n<p style=\"text-align: justify;\">En su club est\u00e1n contentos por su convocatoria y se une al grupo de compa\u00f1eras internacionales con sus selecciones, ya que comparte con futbolistas que representan a: Dinamarca, Francia y Camer\u00fan. El objetivo de la atleta est\u00e1 claro: <strong>\u201cQueremos hacer historia y competir en la Copa del Mundo de 2023, con nuestro talento y buen trabajo, no tengo dudas que lo podamos lograr\u201d<\/strong>.<\/p>\n","protected":false},"excerpt":{"rendered":"<p>Prensa Femenino FVF &#8211; El nombre que m\u00e1s llam\u00f3 la atenci\u00f3n del p\u00fablico cuando sali\u00f3 la convocatoria del primer m\u00f3dulo internacional de la selecci\u00f3n nacional femenina absoluta, en Italia, fue el de Sonia O\u2019Neill. La mediocampista naci\u00f3 en Canad\u00e1, su padre es irland\u00e9s y su madre venezolana. Ella milita en el Fleury 91 (primera divisi\u00f3n &#8230;<\/p>\n","protected":false},"author":3,"featured_media":39235,"comment_status":"closed","ping_status":"closed","sticky":false,"template":"","format":"standard","meta":{"footnotes":""},"categories":[752,26,3],"tags":[1850],"class_list":["post-39234","post","type-post","status-publish","format-standard","has-post-thumbnail","hentry","category-appgd","category-seleccion-femenina","category-seleccion-nacional","tag-seleccion-femenina"],"_links":{"self":[{"href":"http:\/\/gradadigital.com\/home\/wp-json\/wp\/v2\/posts\/39234","targetHints":{"allow":["GET"]}}],"collection":[{"href":"http:\/\/gradadigital.com\/home\/wp-json\/wp\/v2\/posts"}],"about":[{"href":"http:\/\/gradadigital.com\/home\/wp-json\/wp\/v2\/types\/post"}],"author":[{"embeddable":true,"href":"http:\/\/gradadigital.com\/home\/wp-json\/wp\/v2\/users\/3"}],"replies":[{"embeddable":true,"href":"http:\/\/gradadigital.com\/home\/wp-json\/wp\/v2\/comments?post=39234"}],"version-history":[{"count":3,"href":"http:\/\/gradadigital.com\/home\/wp-json\/wp\/v2\/posts\/39234\/revisions"}],"predecessor-version":[{"id":39238,"href":"http:\/\/gradadigital.com\/home\/wp-json\/wp\/v2\/posts\/39234\/revisions\/39238"}],"wp:featuredmedia":[{"embeddable":true,"href":"http:\/\/gradadigital.com\/home\/wp-json\/wp\/v2\/media\/39235"}],"wp:attachment":[{"href":"http:\/\/gradadigital.com\/home\/wp-json\/wp\/v2\/media?parent=39234"}],"wp:term":[{"taxonomy":"category","embeddable":true,"href":"http:\/\/gradadigital.com\/home\/wp-json\/wp\/v2\/categories?post=39234"},{"taxonomy":"post_tag","embeddable":true,"href":"http:\/\/gradadigital.com\/home\/wp-json\/wp\/v2\/tags?post=39234"}],"curies":[{"name":"wp","href":"https:\/\/api.w.org\/{rel}","templated":true}]}}