{"id":39229,"date":"2019-11-15T09:01:44","date_gmt":"2019-11-15T13:01:44","guid":{"rendered":"http:\/\/gradadigital.com\/home\/?p=39229"},"modified":"2019-11-15T09:01:44","modified_gmt":"2019-11-15T13:01:44","slug":"fvf-y-jfa-firmaran-un-convenio-de-cooperacion-anual","status":"publish","type":"post","link":"http:\/\/gradadigital.com\/home\/fvf-y-jfa-firmaran-un-convenio-de-cooperacion-anual\/","title":{"rendered":"FVF y JFA firmar\u00e1n un convenio de cooperaci\u00f3n anual"},"content":{"rendered":"<p style=\"text-align: center;\"><img decoding=\"async\" src=\"http:\/\/gradadigital.com\/home\/wp-content\/uploads\/2017\/01\/presentacion_torneo_apertura_2017_laureano_gonzalez_24012017.jpg\" \/><\/p>\n<p style=\"text-align: justify;\"><strong>Prensa FVF &#8211;<\/strong> La Federaci\u00f3n Venezolana de F\u00fatbol y la Japan Football Association firmar\u00e1n el pr\u00f3ximo martes 19 de noviembre, un Acuerdo de Cooperaci\u00f3n con vigencia anual en el marco de la celebraci\u00f3n del partido entre la selecci\u00f3n japonesa y la oncena Vinotinto, encuentro pautado para celebrarse en el estadio de la ciudad de Osaka, Jap\u00f3n, como parte de las fechas de partidos FIFA.<\/p>\n<p style=\"text-align: justify;\">Laureano Gonz\u00e1lez, presidente de la FVF, ofreci\u00f3 la importante informaci\u00f3n que se encuadra en el esp\u00edritu <strong>\u201cde cooperaci\u00f3n y fortalecimiento de los lazos institucionales de las dos federaciones\u201d<\/strong>.<\/p>\n<p style=\"text-align: justify;\">Por tal motivo, Gonz\u00e1lez viajar\u00e1 este s\u00e1bado a Jap\u00f3n ya con un preacuerdo en cuyo pre\u00e1mbulo se establece que <strong>\u201cel acuerdo tendr\u00e1 una duraci\u00f3n anual, pero ser\u00e1 renovable por nuevos per\u00edodos hasta un m\u00e1ximo de cinco a\u00f1os\u201d<\/strong>.<\/p>\n<p style=\"text-align: justify;\">Como se ha venido anunciando, la Vinotinto, que se encuentra en Jap\u00f3n desde comienzos de esta semana, se enfrentar\u00e1 al combinado nip\u00f3n en la mencionada ciudad, como parte de los partidos amistosos que casi con frecuencia anual sostienen estas dos selecciones.<\/p>\n<p style=\"text-align: justify;\">Para el conjunto que dirige Rafael Dudamel ser\u00e1 la antesala de las eliminatorias del Mundial FIFA Catar 2022, que dar\u00e1 inicio el mes de marzo de 2020.<\/p>\n<p style=\"text-align: justify;\"><strong>T\u00e9rminos del acuerdo<\/strong><\/p>\n<p style=\"text-align: justify;\">Por la Federaci\u00f3n Japonesa le corresponder\u00e1 suscribir el acuerdo a su presidente, el se\u00f1or Tashima Kohzo, en tanto por Venezuela lo har\u00e1 Gonz\u00e1lez sobre los siguientes objetivos:<\/p>\n<p style=\"text-align: justify;\">1.- Esta cooperaci\u00f3n es para desarrollar lazos fuertes entre las respectivas federaciones con un beneficio mutuo, para el crecimiento y \u00e9xito en ambas regiones.<\/p>\n<p style=\"text-align: justify;\">2.- Proteger los valores y las tradiciones del f\u00fatbol, no solo en lo deportivo sino como un instrumento social para el mejor entendimiento internacional.<\/p>\n<p style=\"text-align: justify;\"><strong>La cooperaci\u00f3n ser\u00e1 en las siguientes \u00e1reas:<\/strong><\/p>\n<p style=\"text-align: justify;\">1.- Sostener intercambios o partidos amistosos entre las distintas selecciones nacionales de acuerdo con su edad o categor\u00eda.<\/p>\n<p style=\"text-align: justify;\">2.- Realizar intercambios en los programas o las selecciones de f\u00fatbol femenino.<\/p>\n<p style=\"text-align: justify;\">3.- Hacer intercambios en programas de mejoramiento profesional de los entrenadores.<\/p>\n","protected":false},"excerpt":{"rendered":"<p>Prensa FVF &#8211; La Federaci\u00f3n Venezolana de F\u00fatbol y la Japan Football Association firmar\u00e1n el pr\u00f3ximo martes 19 de noviembre, un Acuerdo de Cooperaci\u00f3n con vigencia anual en el marco de la celebraci\u00f3n del partido entre la selecci\u00f3n japonesa y la oncena Vinotinto, encuentro pautado para celebrarse en el estadio de la ciudad de Osaka, &#8230;<\/p>\n","protected":false},"author":3,"featured_media":34098,"comment_status":"closed","ping_status":"closed","sticky":false,"template":"","format":"standard","meta":{"footnotes":""},"categories":[752,3],"tags":[2069],"class_list":["post-39229","post","type-post","status-publish","format-standard","has-post-thumbnail","hentry","category-appgd","category-seleccion-nacional","tag-selecciones-nacionales"],"_links":{"self":[{"href":"http:\/\/gradadigital.com\/home\/wp-json\/wp\/v2\/posts\/39229","targetHints":{"allow":["GET"]}}],"collection":[{"href":"http:\/\/gradadigital.com\/home\/wp-json\/wp\/v2\/posts"}],"about":[{"href":"http:\/\/gradadigital.com\/home\/wp-json\/wp\/v2\/types\/post"}],"author":[{"embeddable":true,"href":"http:\/\/gradadigital.com\/home\/wp-json\/wp\/v2\/users\/3"}],"replies":[{"embeddable":true,"href":"http:\/\/gradadigital.com\/home\/wp-json\/wp\/v2\/comments?post=39229"}],"version-history":[{"count":2,"href":"http:\/\/gradadigital.com\/home\/wp-json\/wp\/v2\/posts\/39229\/revisions"}],"predecessor-version":[{"id":39231,"href":"http:\/\/gradadigital.com\/home\/wp-json\/wp\/v2\/posts\/39229\/revisions\/39231"}],"wp:featuredmedia":[{"embeddable":true,"href":"http:\/\/gradadigital.com\/home\/wp-json\/wp\/v2\/media\/34098"}],"wp:attachment":[{"href":"http:\/\/gradadigital.com\/home\/wp-json\/wp\/v2\/media?parent=39229"}],"wp:term":[{"taxonomy":"category","embeddable":true,"href":"http:\/\/gradadigital.com\/home\/wp-json\/wp\/v2\/categories?post=39229"},{"taxonomy":"post_tag","embeddable":true,"href":"http:\/\/gradadigital.com\/home\/wp-json\/wp\/v2\/tags?post=39229"}],"curies":[{"name":"wp","href":"https:\/\/api.w.org\/{rel}","templated":true}]}}