{"id":39170,"date":"2019-11-09T07:30:17","date_gmt":"2019-11-09T11:30:17","guid":{"rendered":"http:\/\/gradadigital.com\/home\/?p=39170"},"modified":"2019-11-09T10:42:52","modified_gmt":"2019-11-09T14:42:52","slug":"aristeguieta-anota-gol-del-triunfo-de-monarcas-morelia-sobre-puebla","status":"publish","type":"post","link":"http:\/\/gradadigital.com\/home\/aristeguieta-anota-gol-del-triunfo-de-monarcas-morelia-sobre-puebla\/","title":{"rendered":"Aristeguieta anota gol del triunfo de Morelia sobre Puebla"},"content":{"rendered":"<p style=\"text-align: center;\"><img decoding=\"async\" src=\"http:\/\/gradadigital.com\/home\/wp-content\/uploads\/2019\/11\/fernando_aristeguieta_monarcas_morelia_08112019.jpg\" \/><\/p>\n<p style=\"text-align: justify;\"><strong>Cucho Contreras &#8211;<\/strong> El delantero venezolano Fernando Aristeguieta anot\u00f3 este viernes, 8 de noviembre, en la victoria (3-2) de su equipo, Monarcas Morelia, en condici\u00f3n de local sobre Puebla, en partido correspondiente a la Jornada 18 del Torneo Apertura 2019 de la Liga MX.<\/p>\n<p style=\"text-align: justify;\">El futbolista criollo de 27 a\u00f1os de edad marc\u00f3 el gol del triunfo a los 70 minutos, un minuto despu\u00e9s de haber ingresado al terreno de juego en sustituci\u00f3n del atacante paraguayo Sebastian Ferreira. El caraque\u00f1o aprovech\u00f3 un centro de Luis \u00c1ngel Mendoza desde la banda derecha y de volea, en el centro del \u00e1rea, coloc\u00f3 el 3-2 definitivo.<\/p>\n<p style=\"text-align: justify;\">Aristeguieta ahora suma 5 tantos en la presente temporada de la m\u00e1xima categor\u00eda del f\u00fatbol mexicano luego de 17 partidos disputados, 12 como titular.<\/p>\n<p style=\"text-align: justify;\">Con esta victoria, el conjunto dirigido por el argentino Pablo Guede se ubica en la s\u00e9ptima posici\u00f3n de la tabla de clasificaci\u00f3n con 27 unidades y se mantiene en los puestos que dan acceso a la Liguilla.<\/p>\n","protected":false},"excerpt":{"rendered":"<p>Cucho Contreras &#8211; El delantero venezolano Fernando Aristeguieta anot\u00f3 este viernes, 8 de noviembre, en la victoria (3-2) de su equipo, Monarcas Morelia, en condici\u00f3n de local sobre Puebla, en partido correspondiente a la Jornada 18 del Torneo Apertura 2019 de la Liga MX. El futbolista criollo de 27 a\u00f1os de edad marc\u00f3 el gol &#8230;<\/p>\n","protected":false},"author":3,"featured_media":39171,"comment_status":"closed","ping_status":"closed","sticky":false,"template":"","format":"standard","meta":{"footnotes":""},"categories":[752,4],"tags":[552,1431],"class_list":["post-39170","post","type-post","status-publish","format-standard","has-post-thumbnail","hentry","category-appgd","category-legionarios","tag-fernando-aristeguieta","tag-legionarios"],"_links":{"self":[{"href":"http:\/\/gradadigital.com\/home\/wp-json\/wp\/v2\/posts\/39170","targetHints":{"allow":["GET"]}}],"collection":[{"href":"http:\/\/gradadigital.com\/home\/wp-json\/wp\/v2\/posts"}],"about":[{"href":"http:\/\/gradadigital.com\/home\/wp-json\/wp\/v2\/types\/post"}],"author":[{"embeddable":true,"href":"http:\/\/gradadigital.com\/home\/wp-json\/wp\/v2\/users\/3"}],"replies":[{"embeddable":true,"href":"http:\/\/gradadigital.com\/home\/wp-json\/wp\/v2\/comments?post=39170"}],"version-history":[{"count":2,"href":"http:\/\/gradadigital.com\/home\/wp-json\/wp\/v2\/posts\/39170\/revisions"}],"predecessor-version":[{"id":39173,"href":"http:\/\/gradadigital.com\/home\/wp-json\/wp\/v2\/posts\/39170\/revisions\/39173"}],"wp:featuredmedia":[{"embeddable":true,"href":"http:\/\/gradadigital.com\/home\/wp-json\/wp\/v2\/media\/39171"}],"wp:attachment":[{"href":"http:\/\/gradadigital.com\/home\/wp-json\/wp\/v2\/media?parent=39170"}],"wp:term":[{"taxonomy":"category","embeddable":true,"href":"http:\/\/gradadigital.com\/home\/wp-json\/wp\/v2\/categories?post=39170"},{"taxonomy":"post_tag","embeddable":true,"href":"http:\/\/gradadigital.com\/home\/wp-json\/wp\/v2\/tags?post=39170"}],"curies":[{"name":"wp","href":"https:\/\/api.w.org\/{rel}","templated":true}]}}