{"id":39073,"date":"2019-09-21T22:20:38","date_gmt":"2019-09-22T02:20:38","guid":{"rendered":"http:\/\/gradadigital.com\/home\/?p=39073"},"modified":"2019-09-21T22:20:38","modified_gmt":"2019-09-22T02:20:38","slug":"fotos-jan-hurtado-anota-su-primer-gol-con-boca-juniors","status":"publish","type":"post","link":"http:\/\/gradadigital.com\/home\/fotos-jan-hurtado-anota-su-primer-gol-con-boca-juniors\/","title":{"rendered":"+FOTOS | Jan Hurtado anota su primer gol con Boca Juniors"},"content":{"rendered":"<p style=\"text-align: center;\"><img decoding=\"async\" src=\"http:\/\/gradadigital.com\/home\/wp-content\/uploads\/2019\/09\/jan_hurtado_boca_juniors_21092019_2.jpg\" \/><\/p>\n<p style=\"text-align: justify;\"><strong>Cucho Contreras \u2013<\/strong> El delantero venezolano Jan Carlos Hurtado anot\u00f3 este s\u00e1bado, 21 de septiembre, en la victoria (0-2) de su equipo, Boca Juniors, en condici\u00f3n de visitante frente a San Lorenzo, en partido correspondiente a la Jornada 7 de la Superliga de Argentina.<\/p>\n<p style=\"text-align: justify;\">El futbolista criollo de 19 a\u00f1os de edad marc\u00f3 su primer tanto con la camiseta de Boca en los minutos finales del encuentro (m.90&#8217;+3) tras una excelente jugada individual de Eduardo Salvio. El &#8216;Churta&#8217;, quien inici\u00f3 el partido en el banco de suplentes e ingres\u00f3 al terreno de juego en el minuto 82 por Franco Soldano, se estrena como goleador en el Xeneize luego de 9 partidos disputados: 6 en la Superliga, 1 en la Copa Argentina y 2 en la Copa Libertadores.<\/p>\n<p style=\"text-align: justify;\">Hurtado sentenci\u00f3, con una definici\u00f3n pegada al palo izquierdo del portero Nicol\u00e1s Navarro, un duelo que ganaba 0-1 Boca desde el minuto 44 con un gol de cabeza del defensor Lisandro L\u00f3pez.<\/p>\n<p style=\"text-align: justify;\">Con este triunfo, los dirigidos por Gustavo Alfaro se mantienen en la primera posici\u00f3n de la tabla de clasificaci\u00f3n, ahora con 17 unidades, 2 puntos por encima de su m\u00e1s cercano competidor Argentinos Juniors.<\/p>\n<p style=\"text-align: center;\"><img decoding=\"async\" src=\"http:\/\/gradadigital.com\/home\/wp-content\/uploads\/2019\/09\/jan_hurtado_boca_juniors_21092019_1.jpg\" \/><\/p>\n<p style=\"text-align: center;\"><img decoding=\"async\" src=\"http:\/\/gradadigital.com\/home\/wp-content\/uploads\/2019\/09\/jan_hurtado_boca_juniors_21092019.jpg\" \/><\/p>\n","protected":false},"excerpt":{"rendered":"<p>Cucho Contreras \u2013 El delantero venezolano Jan Carlos Hurtado anot\u00f3 este s\u00e1bado, 21 de septiembre, en la victoria (0-2) de su equipo, Boca Juniors, en condici\u00f3n de visitante frente a San Lorenzo, en partido correspondiente a la Jornada 7 de la Superliga de Argentina. El futbolista criollo de 19 a\u00f1os de edad marc\u00f3 su primer &#8230;<\/p>\n","protected":false},"author":3,"featured_media":39074,"comment_status":"closed","ping_status":"closed","sticky":false,"template":"","format":"standard","meta":{"footnotes":""},"categories":[43,752,4],"tags":[1431],"class_list":["post-39073","post","type-post","status-publish","format-standard","has-post-thumbnail","hentry","category-fotos","category-appgd","category-legionarios","tag-legionarios"],"_links":{"self":[{"href":"http:\/\/gradadigital.com\/home\/wp-json\/wp\/v2\/posts\/39073","targetHints":{"allow":["GET"]}}],"collection":[{"href":"http:\/\/gradadigital.com\/home\/wp-json\/wp\/v2\/posts"}],"about":[{"href":"http:\/\/gradadigital.com\/home\/wp-json\/wp\/v2\/types\/post"}],"author":[{"embeddable":true,"href":"http:\/\/gradadigital.com\/home\/wp-json\/wp\/v2\/users\/3"}],"replies":[{"embeddable":true,"href":"http:\/\/gradadigital.com\/home\/wp-json\/wp\/v2\/comments?post=39073"}],"version-history":[{"count":1,"href":"http:\/\/gradadigital.com\/home\/wp-json\/wp\/v2\/posts\/39073\/revisions"}],"predecessor-version":[{"id":39078,"href":"http:\/\/gradadigital.com\/home\/wp-json\/wp\/v2\/posts\/39073\/revisions\/39078"}],"wp:featuredmedia":[{"embeddable":true,"href":"http:\/\/gradadigital.com\/home\/wp-json\/wp\/v2\/media\/39074"}],"wp:attachment":[{"href":"http:\/\/gradadigital.com\/home\/wp-json\/wp\/v2\/media?parent=39073"}],"wp:term":[{"taxonomy":"category","embeddable":true,"href":"http:\/\/gradadigital.com\/home\/wp-json\/wp\/v2\/categories?post=39073"},{"taxonomy":"post_tag","embeddable":true,"href":"http:\/\/gradadigital.com\/home\/wp-json\/wp\/v2\/tags?post=39073"}],"curies":[{"name":"wp","href":"https:\/\/api.w.org\/{rel}","templated":true}]}}