{"id":38895,"date":"2019-08-27T21:56:44","date_gmt":"2019-08-28T01:56:44","guid":{"rendered":"http:\/\/gradadigital.com\/home\/?p=38895"},"modified":"2019-08-28T10:36:53","modified_gmt":"2019-08-28T14:36:53","slug":"alexander-gonzalez-refuerza-la-zaga-del-mirandes","status":"publish","type":"post","link":"http:\/\/gradadigital.com\/home\/alexander-gonzalez-refuerza-la-zaga-del-mirandes\/","title":{"rendered":"Alexander Gonz\u00e1lez refuerza la zaga del Mirand\u00e9s"},"content":{"rendered":"<p style=\"text-align: center;\"><a href=\"http:\/\/gradadigital.com\/home\/wp-content\/uploads\/2019\/08\/alexander_gonzalez_mirandes.jpg\"><img loading=\"lazy\" decoding=\"async\" class=\"alignnone size-full wp-image-38896\" src=\"http:\/\/gradadigital.com\/home\/wp-content\/uploads\/2019\/08\/alexander_gonzalez_mirandes.jpg\" alt=\"\" width=\"682\" height=\"455\" srcset=\"http:\/\/gradadigital.com\/home\/wp-content\/uploads\/2019\/08\/alexander_gonzalez_mirandes.jpg 682w, http:\/\/gradadigital.com\/home\/wp-content\/uploads\/2019\/08\/alexander_gonzalez_mirandes-300x200.jpg 300w\" sizes=\"auto, (max-width: 682px) 100vw, 682px\" \/><\/a><\/p>\n<p style=\"text-align: justify;\"><strong>EFE &#8211;<\/strong> El Mirand\u00e9s ha llegado este martes a un acuerdo con el jugador venezolano Alexander Gonz\u00e1lez para que durante una temporada vista la camiseta &#8216;rojilla&#8217; y ayude en las labores de defensa del conjunto de Andoni Iraola.<\/p>\n<p style=\"text-align: justify;\">El jugador llega libre tras jugar la \u00faltima campa\u00f1a en el Elche en Segunda Divisi\u00f3n, ha informado el club en un comunicado.<\/p>\n<p style=\"text-align: justify;\">El venezolano es un jugador de corte defensivo que ocupa la posici\u00f3n de lateral derecho intenso y con presencia en campo contrario.<\/p>\n<p style=\"text-align: justify;\">Es uno jugador con experiencia en la categor\u00eda de plata del f\u00fatbol espa\u00f1ol, ya que lleg\u00f3 en la temporada 2015\/16 al Huesca donde estuvo tres temporadas.<\/p>\n<p style=\"text-align: justify;\">En el conjunto oscense disput\u00f3 70 partidos, consiguiendo un ascenso a Primera Divisi\u00f3n antes de fichar por el Elche, donde particip\u00f3 en 24 partidos anotando un gol.<\/p>\n","protected":false},"excerpt":{"rendered":"<p>EFE &#8211; El Mirand\u00e9s ha llegado este martes a un acuerdo con el jugador venezolano Alexander Gonz\u00e1lez para que durante una temporada vista la camiseta &#8216;rojilla&#8217; y ayude en las labores de defensa del conjunto de Andoni Iraola. El jugador llega libre tras jugar la \u00faltima campa\u00f1a en el Elche en Segunda Divisi\u00f3n, ha informado &#8230;<\/p>\n","protected":false},"author":3,"featured_media":38896,"comment_status":"closed","ping_status":"closed","sticky":false,"template":"","format":"standard","meta":{"footnotes":""},"categories":[752,4],"tags":[1431],"class_list":["post-38895","post","type-post","status-publish","format-standard","has-post-thumbnail","hentry","category-appgd","category-legionarios","tag-legionarios"],"_links":{"self":[{"href":"http:\/\/gradadigital.com\/home\/wp-json\/wp\/v2\/posts\/38895","targetHints":{"allow":["GET"]}}],"collection":[{"href":"http:\/\/gradadigital.com\/home\/wp-json\/wp\/v2\/posts"}],"about":[{"href":"http:\/\/gradadigital.com\/home\/wp-json\/wp\/v2\/types\/post"}],"author":[{"embeddable":true,"href":"http:\/\/gradadigital.com\/home\/wp-json\/wp\/v2\/users\/3"}],"replies":[{"embeddable":true,"href":"http:\/\/gradadigital.com\/home\/wp-json\/wp\/v2\/comments?post=38895"}],"version-history":[{"count":1,"href":"http:\/\/gradadigital.com\/home\/wp-json\/wp\/v2\/posts\/38895\/revisions"}],"predecessor-version":[{"id":38897,"href":"http:\/\/gradadigital.com\/home\/wp-json\/wp\/v2\/posts\/38895\/revisions\/38897"}],"wp:featuredmedia":[{"embeddable":true,"href":"http:\/\/gradadigital.com\/home\/wp-json\/wp\/v2\/media\/38896"}],"wp:attachment":[{"href":"http:\/\/gradadigital.com\/home\/wp-json\/wp\/v2\/media?parent=38895"}],"wp:term":[{"taxonomy":"category","embeddable":true,"href":"http:\/\/gradadigital.com\/home\/wp-json\/wp\/v2\/categories?post=38895"},{"taxonomy":"post_tag","embeddable":true,"href":"http:\/\/gradadigital.com\/home\/wp-json\/wp\/v2\/tags?post=38895"}],"curies":[{"name":"wp","href":"https:\/\/api.w.org\/{rel}","templated":true}]}}