{"id":38874,"date":"2019-08-22T18:41:04","date_gmt":"2019-08-22T22:41:04","guid":{"rendered":"http:\/\/gradadigital.com\/home\/?p=38874"},"modified":"2019-08-28T04:48:23","modified_gmt":"2019-08-28T08:48:23","slug":"ellian-guillen-nuevo-jugador-del-leganes-b","status":"publish","type":"post","link":"http:\/\/gradadigital.com\/home\/ellian-guillen-nuevo-jugador-del-leganes-b\/","title":{"rendered":"Ellian Guill\u00e9n, nuevo jugador del Legan\u00e9s B"},"content":{"rendered":"<p style=\"text-align: center;\"><a href=\"http:\/\/gradadigital.com\/home\/wp-content\/uploads\/2019\/08\/elian_guillen.jpg\"><img loading=\"lazy\" decoding=\"async\" class=\"alignnone size-full wp-image-38880\" src=\"http:\/\/gradadigital.com\/home\/wp-content\/uploads\/2019\/08\/elian_guillen.jpg\" alt=\"\" width=\"682\" height=\"455\" srcset=\"http:\/\/gradadigital.com\/home\/wp-content\/uploads\/2019\/08\/elian_guillen.jpg 682w, http:\/\/gradadigital.com\/home\/wp-content\/uploads\/2019\/08\/elian_guillen-300x200.jpg 300w\" sizes=\"auto, (max-width: 682px) 100vw, 682px\" \/><\/a><\/p>\n<p style=\"text-align: justify;\"><strong>GradaDigital.com &#8211;<\/strong> El defensor central venezolano Ellian Guill\u00e9n jugar\u00e1 la temporada 2019-2020 en el C.D. Legan\u00e9s \u00abB\u00bb del Grupo VII de la Tercera Divisi\u00f3n de Espa\u00f1a.<\/p>\n<p style=\"text-align: justify;\">El jugador criollo de 22 a\u00f1os de edad llega procedente del C.D. Castell\u00f3n, equipo en el que estuvo desde el pasado mes de enero y en el que no lleg\u00f3 a debutar debido a problemas burocr\u00e1ticos.<\/p>\n<p style=\"text-align: justify;\">En el f\u00fatbol profesional venezolano jug\u00f3 con el Deportivo Lara.<\/p>\n","protected":false},"excerpt":{"rendered":"<p>GradaDigital.com &#8211; El defensor central venezolano Ellian Guill\u00e9n jugar\u00e1 la temporada 2019-2020 en el C.D. Legan\u00e9s \u00abB\u00bb del Grupo VII de la Tercera Divisi\u00f3n de Espa\u00f1a. El jugador criollo de 22 a\u00f1os de edad llega procedente del C.D. Castell\u00f3n, equipo en el que estuvo desde el pasado mes de enero y en el que no &#8230;<\/p>\n","protected":false},"author":3,"featured_media":38880,"comment_status":"closed","ping_status":"closed","sticky":false,"template":"","format":"standard","meta":{"footnotes":""},"categories":[752,4],"tags":[1431],"class_list":["post-38874","post","type-post","status-publish","format-standard","has-post-thumbnail","hentry","category-appgd","category-legionarios","tag-legionarios"],"_links":{"self":[{"href":"http:\/\/gradadigital.com\/home\/wp-json\/wp\/v2\/posts\/38874","targetHints":{"allow":["GET"]}}],"collection":[{"href":"http:\/\/gradadigital.com\/home\/wp-json\/wp\/v2\/posts"}],"about":[{"href":"http:\/\/gradadigital.com\/home\/wp-json\/wp\/v2\/types\/post"}],"author":[{"embeddable":true,"href":"http:\/\/gradadigital.com\/home\/wp-json\/wp\/v2\/users\/3"}],"replies":[{"embeddable":true,"href":"http:\/\/gradadigital.com\/home\/wp-json\/wp\/v2\/comments?post=38874"}],"version-history":[{"count":1,"href":"http:\/\/gradadigital.com\/home\/wp-json\/wp\/v2\/posts\/38874\/revisions"}],"predecessor-version":[{"id":38882,"href":"http:\/\/gradadigital.com\/home\/wp-json\/wp\/v2\/posts\/38874\/revisions\/38882"}],"wp:featuredmedia":[{"embeddable":true,"href":"http:\/\/gradadigital.com\/home\/wp-json\/wp\/v2\/media\/38880"}],"wp:attachment":[{"href":"http:\/\/gradadigital.com\/home\/wp-json\/wp\/v2\/media?parent=38874"}],"wp:term":[{"taxonomy":"category","embeddable":true,"href":"http:\/\/gradadigital.com\/home\/wp-json\/wp\/v2\/categories?post=38874"},{"taxonomy":"post_tag","embeddable":true,"href":"http:\/\/gradadigital.com\/home\/wp-json\/wp\/v2\/tags?post=38874"}],"curies":[{"name":"wp","href":"https:\/\/api.w.org\/{rel}","templated":true}]}}