{"id":38837,"date":"2019-08-16T12:37:19","date_gmt":"2019-08-16T16:37:19","guid":{"rendered":"http:\/\/gradadigital.com\/home\/?p=38837"},"modified":"2019-08-16T12:37:19","modified_gmt":"2019-08-16T16:37:19","slug":"dani-hernandez-se-une-a-la-lista-de-capitanes-del-tenerife","status":"publish","type":"post","link":"http:\/\/gradadigital.com\/home\/dani-hernandez-se-une-a-la-lista-de-capitanes-del-tenerife\/","title":{"rendered":"Dani Hern\u00e1ndez se une a la lista de capitanes del Tenerife"},"content":{"rendered":"<p style=\"text-align: center;\"><img decoding=\"async\" src=\"http:\/\/gradadigital.com\/home\/wp-content\/uploads\/2016\/04\/dani_hernandez_tenerife_lugo_03042016.jpg\" \/><\/p>\n<p style=\"text-align: justify;\"><strong>EFE &#8211;<\/strong> El guardameta hispano-venezolano del Tenerife, Dani Hern\u00e1ndez, ha pasado a formar parte de los capitanes del conjunto blanquiazul para la pr\u00f3xima temporada, junto a Suso Santana, Aitor Sanz y Carlos Ruiz.<\/p>\n<p style=\"text-align: justify;\">El portero sustituye en la lista de representantes del vestuario tinerfe\u00f1ista al lateral derecho madrile\u00f1o Ra\u00fal C\u00e1mara, quien abandon\u00f3 la disciplina canaria tras finalizar contrato al final del curso pasado.<\/p>\n<p style=\"text-align: justify;\">Suso Santana, canterano del Tenerife con m\u00e1s de 270 partidos como blanquiazul, repetir\u00e1 un a\u00f1o m\u00e1s como primer capit\u00e1n del equipo isle\u00f1o, en su novena temporada en la plantilla.<\/p>\n<p style=\"text-align: justify;\">En el verano de 2013 lleg\u00f3 al conjunto blanquiazul Aitor Sanz, quien ha vestido la camiseta del Tenerife en 185 ocasiones, anotando ocho goles como blanquiazul.<\/p>\n<p style=\"text-align: justify;\">Carlos Ruiz, que igualmente inici\u00f3 su andadura en el Tenerife en el regreso de la entidad al f\u00fatbol profesional, supera ya los 200 encuentros e iniciar\u00e1 su s\u00e9ptima campa\u00f1a portando el 14 blanquiazul.<\/p>\n<p style=\"text-align: justify;\">Durante la temporada 2019\/2020, el cuarto capit\u00e1n del equipo tinerfe\u00f1ista ser\u00e1 Dani Hern\u00e1ndez, quien regres\u00f3 a la isla en enero de 2015 y desde entonces suma m\u00e1s de 175 compromisos.<\/p>\n","protected":false},"excerpt":{"rendered":"<p>EFE &#8211; El guardameta hispano-venezolano del Tenerife, Dani Hern\u00e1ndez, ha pasado a formar parte de los capitanes del conjunto blanquiazul para la pr\u00f3xima temporada, junto a Suso Santana, Aitor Sanz y Carlos Ruiz. El portero sustituye en la lista de representantes del vestuario tinerfe\u00f1ista al lateral derecho madrile\u00f1o Ra\u00fal C\u00e1mara, quien abandon\u00f3 la disciplina canaria &#8230;<\/p>\n","protected":false},"author":3,"featured_media":26730,"comment_status":"closed","ping_status":"closed","sticky":false,"template":"","format":"standard","meta":{"footnotes":""},"categories":[752,4],"tags":[1431],"class_list":["post-38837","post","type-post","status-publish","format-standard","has-post-thumbnail","hentry","category-appgd","category-legionarios","tag-legionarios"],"_links":{"self":[{"href":"http:\/\/gradadigital.com\/home\/wp-json\/wp\/v2\/posts\/38837","targetHints":{"allow":["GET"]}}],"collection":[{"href":"http:\/\/gradadigital.com\/home\/wp-json\/wp\/v2\/posts"}],"about":[{"href":"http:\/\/gradadigital.com\/home\/wp-json\/wp\/v2\/types\/post"}],"author":[{"embeddable":true,"href":"http:\/\/gradadigital.com\/home\/wp-json\/wp\/v2\/users\/3"}],"replies":[{"embeddable":true,"href":"http:\/\/gradadigital.com\/home\/wp-json\/wp\/v2\/comments?post=38837"}],"version-history":[{"count":1,"href":"http:\/\/gradadigital.com\/home\/wp-json\/wp\/v2\/posts\/38837\/revisions"}],"predecessor-version":[{"id":38838,"href":"http:\/\/gradadigital.com\/home\/wp-json\/wp\/v2\/posts\/38837\/revisions\/38838"}],"wp:featuredmedia":[{"embeddable":true,"href":"http:\/\/gradadigital.com\/home\/wp-json\/wp\/v2\/media\/26730"}],"wp:attachment":[{"href":"http:\/\/gradadigital.com\/home\/wp-json\/wp\/v2\/media?parent=38837"}],"wp:term":[{"taxonomy":"category","embeddable":true,"href":"http:\/\/gradadigital.com\/home\/wp-json\/wp\/v2\/categories?post=38837"},{"taxonomy":"post_tag","embeddable":true,"href":"http:\/\/gradadigital.com\/home\/wp-json\/wp\/v2\/tags?post=38837"}],"curies":[{"name":"wp","href":"https:\/\/api.w.org\/{rel}","templated":true}]}}