{"id":38687,"date":"2019-07-28T01:41:00","date_gmt":"2019-07-28T05:41:00","guid":{"rendered":"http:\/\/gradadigital.com\/home\/?p=38687"},"modified":"2019-07-28T22:03:40","modified_gmt":"2019-07-29T02:03:40","slug":"se-confirma-pase-de-darwin-machis-al-granada-cf","status":"publish","type":"post","link":"http:\/\/gradadigital.com\/home\/se-confirma-pase-de-darwin-machis-al-granada-cf\/","title":{"rendered":"Se confirma pase de Darwin Mach\u00eds al Granada CF"},"content":{"rendered":"<p style=\"text-align: center;\"><img decoding=\"async\" src=\"http:\/\/gradadigital.com\/home\/wp-content\/uploads\/2018\/01\/darwin_machis_granada.jpg\" \/><\/p>\n<p style=\"text-align: justify;\"><strong>EFE &#8211;<\/strong> El extremo venezolano Darwin Mach\u00eds se ha convertido este domingo en la sexta incorporaci\u00f3n para la pr\u00f3xima temporada del Granada CF, conjunto con el que se compromete para las cuatro pr\u00f3ximas temporadas tras llegar traspasado desde el Udinese.<\/p>\n<p style=\"text-align: justify;\">Mach\u00eds, de 26 a\u00f1os, llega para reforzar el juego ofensivo en banda de un Granada CF en el que ya milit\u00f3 en dos etapas anteriores.<\/p>\n<p style=\"text-align: justify;\">El acuerdo entre el Granada y el Udinese prev\u00e9 el traspaso del jugador a cambio de una cantidad econ\u00f3mica que no ha trascendido, mientras que el venezolano ficha por el Granada para las cuatro pr\u00f3ximas temporadas, hasta junio del a\u00f1o 2023, inform\u00f3 la entidad andaluza a los medios.<\/p>\n<p style=\"text-align: justify;\">El extremo lleg\u00f3 por primera vez al Granada en el a\u00f1o 2012 traspasado desde el Mineros de Guayana de su pa\u00eds, y lleg\u00f3 a debutar en Primera Divisi\u00f3n con los nazar\u00edes.<\/p>\n<p style=\"text-align: justify;\">Despu\u00e9s altern\u00f3 participaciones con el filial del Granada en Segunda B con cesiones a otros equipos como el Vitoria portugu\u00e9s o el H\u00e9rcules, antes de volver a jugar en Primera con el Legan\u00e9s y de brillar hace dos temporadas en Segunda de nuevo con el cuadro nazar\u00ed.<\/p>\n<p style=\"text-align: justify;\">La pasada campa\u00f1a empez\u00f3 jugando en el Udinese italiano, club propietario de sus derechos, aunque en la segunda vuelta estuvo cedido en el C\u00e1diz, donde volvi\u00f3 a lucir en Segunda.<\/p>\n<p style=\"text-align: justify;\">Mach\u00eds es internacional con la selecci\u00f3n venezolana absoluta, en la que es un habitual en los \u00faltimos a\u00f1os y con la que disput\u00f3 este verano la Copa Am\u00e9rica 2019.<\/p>\n<p style=\"text-align: justify;\">Ser\u00e1 presentado a los medios este lunes y se marchar\u00e1 despu\u00e9s a la concentraci\u00f3n de pretemporada que el Granada inicia ese mismo d\u00eda en Marbella (M\u00e1laga).<\/p>\n<p style=\"text-align: justify;\">Este es el sexto fichaje del Granada para la campa\u00f1a venidera tras las llegadas anteriores del central colombiano Neyder Lozano (Elche), del central portugu\u00e9s Domingos Duarte (Deportivo de la Coru\u00f1a), del delantero Roberto Soldado (Fenerbahce), del medio camerun\u00e9s Yan Eteki (Almer\u00eda) y del medio venezolano Yangel Herrera (cedido por el Manchester City).<\/p>\n","protected":false},"excerpt":{"rendered":"<p>EFE &#8211; El extremo venezolano Darwin Mach\u00eds se ha convertido este domingo en la sexta incorporaci\u00f3n para la pr\u00f3xima temporada del Granada CF, conjunto con el que se compromete para las cuatro pr\u00f3ximas temporadas tras llegar traspasado desde el Udinese. Mach\u00eds, de 26 a\u00f1os, llega para reforzar el juego ofensivo en banda de un Granada &#8230;<\/p>\n","protected":false},"author":3,"featured_media":35197,"comment_status":"closed","ping_status":"closed","sticky":false,"template":"","format":"standard","meta":{"footnotes":""},"categories":[752,4],"tags":[1431],"class_list":["post-38687","post","type-post","status-publish","format-standard","has-post-thumbnail","hentry","category-appgd","category-legionarios","tag-legionarios"],"_links":{"self":[{"href":"http:\/\/gradadigital.com\/home\/wp-json\/wp\/v2\/posts\/38687","targetHints":{"allow":["GET"]}}],"collection":[{"href":"http:\/\/gradadigital.com\/home\/wp-json\/wp\/v2\/posts"}],"about":[{"href":"http:\/\/gradadigital.com\/home\/wp-json\/wp\/v2\/types\/post"}],"author":[{"embeddable":true,"href":"http:\/\/gradadigital.com\/home\/wp-json\/wp\/v2\/users\/3"}],"replies":[{"embeddable":true,"href":"http:\/\/gradadigital.com\/home\/wp-json\/wp\/v2\/comments?post=38687"}],"version-history":[{"count":1,"href":"http:\/\/gradadigital.com\/home\/wp-json\/wp\/v2\/posts\/38687\/revisions"}],"predecessor-version":[{"id":38688,"href":"http:\/\/gradadigital.com\/home\/wp-json\/wp\/v2\/posts\/38687\/revisions\/38688"}],"wp:featuredmedia":[{"embeddable":true,"href":"http:\/\/gradadigital.com\/home\/wp-json\/wp\/v2\/media\/35197"}],"wp:attachment":[{"href":"http:\/\/gradadigital.com\/home\/wp-json\/wp\/v2\/media?parent=38687"}],"wp:term":[{"taxonomy":"category","embeddable":true,"href":"http:\/\/gradadigital.com\/home\/wp-json\/wp\/v2\/categories?post=38687"},{"taxonomy":"post_tag","embeddable":true,"href":"http:\/\/gradadigital.com\/home\/wp-json\/wp\/v2\/tags?post=38687"}],"curies":[{"name":"wp","href":"https:\/\/api.w.org\/{rel}","templated":true}]}}