{"id":38457,"date":"2019-06-20T22:01:06","date_gmt":"2019-06-21T02:01:06","guid":{"rendered":"http:\/\/gradadigital.com\/home\/?p=38457"},"modified":"2019-06-21T17:06:19","modified_gmt":"2019-06-21T21:06:19","slug":"arquimedes-figueira-se-pierde-el-resto-de-la-copa-america-por-lesion","status":"publish","type":"post","link":"http:\/\/gradadigital.com\/home\/arquimedes-figueira-se-pierde-el-resto-de-la-copa-america-por-lesion\/","title":{"rendered":"Arqu\u00edmedes Figueira se pierde el resto de la Copa Am\u00e9rica por lesi\u00f3n"},"content":{"rendered":"<p style=\"text-align: center;\"><img decoding=\"async\" src=\"http:\/\/gradadigital.com\/home\/wp-content\/uploads\/2019\/06\/arquimedes_figuera_brasil_venezuela_18062019.jpg\" \/><\/p>\n<p style=\"text-align: justify;\"><strong>EFE &#8211;<\/strong> El centrocampista venezolano Arqu\u00edmedes Figueira se perder\u00e1 el resto de la Copa Am\u00e9rica por una rotura del ligamento cruzado anterior de la rodilla derecha, sucedida en el partido contra Brasil.<\/p>\n<p style=\"text-align: justify;\">Seg\u00fan inform\u00f3 la Federaci\u00f3n Venezolana de F\u00fatbol (FVF), Figuera, que jug\u00f3 los \u00faltimos 20 minutos de partido al salir en lugar de Darwin Mach\u00eds, se lesion\u00f3 en ese lapso de tiempo, aunque sigui\u00f3 en el campo hasta el final.<\/p>\n<p style=\"text-align: justify;\">El centrocampista tendr\u00e1 que someterse a una cirug\u00eda y queda completamente descartado para el resto del torneo, por lo que el seleccionador Rafael Dudamel solo contar\u00e1 con 22 efectivos para el resto del torneo.<\/p>\n<p style=\"text-align: justify;\">Venezuela es tercera del Grupo A, con 2 puntos, por detr\u00e1s de Brasil y Per\u00fa que tienen 4 cada uno. El s\u00e1bado, la Vinotinto se medir\u00e1 a Bolivia en busca del acceso a los cuartos de final.<\/p>\n<p style=\"text-align: justify;\">La lesi\u00f3n de Arqu\u00edmedes Figueira es la segunda que sufre la Vinotinto, despu\u00e9s de que Adalberto Pe\u00f1aranda, que inicialmente hab\u00eda entrado en la lista de 23 convocados por Rafael Dudamel fuese desconvocado al sufrir la rotura del b\u00edceps femoral de la pierna izquierda, el 8 de junio.<\/p>\n<p style=\"text-align: justify;\">El atacante s\u00ed pudo ser sustituido, ya que a\u00fan no hab\u00eda comenzado la competici\u00f3n, y en su lugar fue convocado Yeferson Soteldo, pero Figuera no podr\u00e1 ser reemplazado, porque el reglamento de la competici\u00f3n permite cambios en la lista de 23 \u00fanicamente hasta 24 horas antes de la disputa del primer partido.<\/p>\n","protected":false},"excerpt":{"rendered":"<p>EFE &#8211; El centrocampista venezolano Arqu\u00edmedes Figueira se perder\u00e1 el resto de la Copa Am\u00e9rica por una rotura del ligamento cruzado anterior de la rodilla derecha, sucedida en el partido contra Brasil. Seg\u00fan inform\u00f3 la Federaci\u00f3n Venezolana de F\u00fatbol (FVF), Figuera, que jug\u00f3 los \u00faltimos 20 minutos de partido al salir en lugar de Darwin &#8230;<\/p>\n","protected":false},"author":3,"featured_media":38453,"comment_status":"closed","ping_status":"closed","sticky":false,"template":"","format":"standard","meta":{"footnotes":""},"categories":[752,40,3],"tags":[2046,2069,71],"class_list":["post-38457","post","type-post","status-publish","format-standard","has-post-thumbnail","hentry","category-appgd","category-seleccion-nacional-mayores","category-seleccion-nacional","tag-seleccion-nacional-mayores","tag-selecciones-nacionales","tag-vinotinto"],"_links":{"self":[{"href":"http:\/\/gradadigital.com\/home\/wp-json\/wp\/v2\/posts\/38457","targetHints":{"allow":["GET"]}}],"collection":[{"href":"http:\/\/gradadigital.com\/home\/wp-json\/wp\/v2\/posts"}],"about":[{"href":"http:\/\/gradadigital.com\/home\/wp-json\/wp\/v2\/types\/post"}],"author":[{"embeddable":true,"href":"http:\/\/gradadigital.com\/home\/wp-json\/wp\/v2\/users\/3"}],"replies":[{"embeddable":true,"href":"http:\/\/gradadigital.com\/home\/wp-json\/wp\/v2\/comments?post=38457"}],"version-history":[{"count":1,"href":"http:\/\/gradadigital.com\/home\/wp-json\/wp\/v2\/posts\/38457\/revisions"}],"predecessor-version":[{"id":38460,"href":"http:\/\/gradadigital.com\/home\/wp-json\/wp\/v2\/posts\/38457\/revisions\/38460"}],"wp:featuredmedia":[{"embeddable":true,"href":"http:\/\/gradadigital.com\/home\/wp-json\/wp\/v2\/media\/38453"}],"wp:attachment":[{"href":"http:\/\/gradadigital.com\/home\/wp-json\/wp\/v2\/media?parent=38457"}],"wp:term":[{"taxonomy":"category","embeddable":true,"href":"http:\/\/gradadigital.com\/home\/wp-json\/wp\/v2\/categories?post=38457"},{"taxonomy":"post_tag","embeddable":true,"href":"http:\/\/gradadigital.com\/home\/wp-json\/wp\/v2\/tags?post=38457"}],"curies":[{"name":"wp","href":"https:\/\/api.w.org\/{rel}","templated":true}]}}