{"id":38440,"date":"2019-06-20T17:32:02","date_gmt":"2019-06-20T21:32:02","guid":{"rendered":"http:\/\/gradadigital.com\/home\/?p=38440"},"modified":"2019-06-21T14:40:07","modified_gmt":"2019-06-21T18:40:07","slug":"seijas-se-dice-que-a-venezuela-la-salva-el-var-y-realmente-no-es-asi","status":"publish","type":"post","link":"http:\/\/gradadigital.com\/home\/seijas-se-dice-que-a-venezuela-la-salva-el-var-y-realmente-no-es-asi\/","title":{"rendered":"Seijas: \u00abSe dice que a Venezuela la salva el VAR y realmente no es as\u00ed\u00bb"},"content":{"rendered":"<p style=\"text-align: center;\"><img decoding=\"async\" src=\"http:\/\/gradadigital.com\/home\/wp-content\/uploads\/2019\/06\/luis_manuel_seijas_venezuela_19062019.jpg\" \/><\/p>\n<p style=\"text-align: justify;\"><strong>EFE &#8211;<\/strong> El centrocampista venezolano Luis Manuel Seijas se\u00f1al\u00f3 en una entrevista con EFE que a su selecci\u00f3n, en el empate contra Brasil por 0-0 donde anularon a la anfitriona tres goles con la ayuda del videoarbitraje, <strong>\u00abno la salva el VAR\u00bb<\/strong> sino que \u00e9ste ayud\u00f3 al \u00e1rbitro a pitar de forma <strong>\u00abjusta\u00bb<\/strong>.<\/p>\n<p style=\"text-align: justify;\"><strong>\u00abA veces se da la interpretaci\u00f3n de que a Venezuela la salva el VAR, y realmente no, es una jugada justa que es ilegal y hoy hay las herramientas para poder pitarlas\u00bb<\/strong>, manifest\u00f3 Seijas durante una conversaci\u00f3n con la Agencia EFE en Belo Horizonte, donde disputar\u00e1n su \u00faltimo partido del grupo contra Bolivia, el pr\u00f3ximo s\u00e1bado.<\/p>\n<p style=\"text-align: justify;\">Seijas (Valencia, Venezuela, 23 de junio de 1986) record\u00f3 que en ese partido, Brasil no tuvo ocasiones claras m\u00e1s all\u00e1 de los tantos anulados y Venezuela tuvo <strong>\u00abuna chance muy clara\u00bb<\/strong> para marcar; as\u00ed como asegur\u00f3 que la &#8216;Vinotinto&#8217; ha <strong>\u00abperdido el miedo\u00bb<\/strong> a decir claramente que aspiran a llegar lejos: a superar su cota hist\u00f3rica de semifinales en la Copa Am\u00e9rica y alcanzar la final del Maracan\u00e1.<\/p>\n<p style=\"text-align: justify;\"><strong>&#8211; Pregunta (P): \u00bfC\u00f3mo se encuentra la selecci\u00f3n tras un empate hist\u00f3rico contra Brasil?<\/strong><\/p>\n<p style=\"text-align: justify;\"><strong>&#8211; Respuesta (R):<\/strong> Estamos tranquilos, creo que lo m\u00e1s importante de este empate no es solo la dimensi\u00f3n y lo que representa para nuestro f\u00fatbol, sino tambi\u00e9n la chance de depender de nosotros mismos en la \u00faltima fecha.<\/p>\n<p style=\"text-align: justify;\">Ese era el objetivo principal desde la preparaci\u00f3n, llegar a la \u00faltima fecha teniendo en las manos la clasificaci\u00f3n, y se logr\u00f3, por intermedio de un empate bien trabajado, en el que no hubo errores de desconcentraci\u00f3n, no hubo errores t\u00e1cticos. Creo que fue un partido casi perfecto.<\/p>\n<p style=\"text-align: justify;\">Quiz\u00e1s falt\u00f3 el gol, que tuvimos una chance muy clara, pero bueno, ahora entendemos que el punto va a ser importante si ganamos el pr\u00f3ximo partido y logramos clasificarnos.<\/p>\n<p style=\"text-align: justify;\"><strong>&#8211; P: \u00bfEn cu\u00e1ntos momentos pens\u00f3 que les marcaban?<\/strong><\/p>\n<p style=\"text-align: justify;\"><strong>&#8211; R:<\/strong> No, no lo sent\u00ed tanto. Viendo las estad\u00edsticas creo que finalizaron muy poco dentro de arco. La primera jugada se vio muy claro que era fuera de lugar, la otra no ten\u00edamos ni idea qu\u00e9 pod\u00eda haber pasado porque es muy leve el toque que hace (Roberto) Firmino y desde el banco no se percibe.<\/p>\n<p style=\"text-align: justify;\">Pero siempre tuve una sensaci\u00f3n de tranquilidad, viendo c\u00f3mo el equipo se comportaba t\u00e1cticamente y viendo que Brasil no encontraba los espacios.<\/p>\n<p style=\"text-align: justify;\"><strong>&#8211; P: \u00bfQu\u00e9 le parece el VAR, que apareci\u00f3 tres veces en su partido para anular tres goles a Brasil?<\/strong><\/p>\n<p style=\"text-align: justify;\"><strong>&#8211; R:<\/strong> Me parece que es justo, los que dicen que para el juego no entienden que hoy en d\u00eda se juegan much\u00edsimas cosas m\u00e1s all\u00e1 de un resultado, hay un efecto domin\u00f3 detr\u00e1s: dinero en juego para las federaciones, para los clubes&#8230; Se toman las decisiones que se tienen que tomar. En otra \u00e9poca tendr\u00edamos dos derrotas y -4 de diferencia.<\/p>\n<p style=\"text-align: justify;\">A veces se da la interpretaci\u00f3n de que a Venezuela la salva el VAR, y realmente no, es una jugada justa que es ilegal y hoy hay las herramientas para poder pitarla.<\/p>\n<p style=\"text-align: justify;\"><strong>&#8211; P:\u00bfQu\u00e9 les dijo el seleccionador Rafael Dudamel tras el partido?<\/strong><\/p>\n<p style=\"text-align: justify;\"><strong>&#8211; R:<\/strong> Claramente hubo una felicitaci\u00f3n por el buen resultado, el mismo mensaje de decir que hay que enfocarnos en lo que viene, no podemos quedarnos ah\u00ed ni en la alegr\u00eda ni en lo que significa el empate, porque va a ser importante si clasificamos, si no se queda ah\u00ed.<\/p>\n<p style=\"text-align: justify;\">El mensaje de Rafa siempre ha sido claro: no tener miedo de expresarnos, de decir que queremos llegar al 7 de julio, perder esa timidez, que se ha ido perdiendo durante muchos a\u00f1os ya dentro del campo, pero el mensaje se ha ido reforzando much\u00edsimo. Aparte de lo deportivo, que se nota en el campo esa sincron\u00eda t\u00e1ctica, en lo mental se ha trabajado muy bien.<\/p>\n<p style=\"text-align: justify;\"><strong>&#8211; P: Esta &#8216;Vinotinto&#8217; es una buena mezcla de veteranos y de la selecci\u00f3n sub-20 subcampeona del mundo en 2017&#8230;<\/strong><\/p>\n<p style=\"text-align: justify;\"><strong>&#8211; R:<\/strong> S\u00ed, totalmente, yo soy del cuadro de los veteranos, y he vivido las dos etapas, la \u00faltima y esta nueva. Ha hecho una mezcla importante, todos somos importantes, m\u00e1s all\u00e1 de que algunos no hayan tenido la oportunidad de jugar, nos sentimos importantes porque sabemos que exigimos al otro y hay una competencia muy bonita, creo que eso es m\u00e9rito de Rafa y de todo el equipo.<\/p>\n<p style=\"text-align: justify;\"><strong>&#8211; P: Est\u00e1 destacando mucho el portero Wuilker Fari\u00f1ez, \u00bfqu\u00e9 nos puede decir de \u00e9l?<\/strong><\/p>\n<p style=\"text-align: justify;\"><strong>&#8211; R:<\/strong> Es un muchacho introvertido, sobrio, como uno lo ve dentro del campo, nunca hace cosas de m\u00e1s, y con un futuro infinito en su frente, y contento de tenerlo.<\/p>\n<p style=\"text-align: justify;\">Yo lo enfrento en la liga donde jugamos de enemigo (Seijas juega en el Independiente de Santa Fe colombiano y Fari\u00f1ez en el Millonarios), y la verdad es que es incre\u00edble tenerlo de rival porque siempre cuesta, aunque las veces que me ha tocado enfrentarlo lo hemos podido derribar, pero tenerlo de compa\u00f1ero te genera una seguridad enorme para los que estamos en el campo.<\/p>\n<p style=\"text-align: justify;\"><strong>&#8211; P: \u00bfLo ve pr\u00f3ximamente jugando en Europa?<\/strong><\/p>\n<p style=\"text-align: justify;\"><strong>&#8211; R:<\/strong> S\u00ed, sin dudarlo, creo que el prejuicio de la estatura \u00e9l mismo se encargar\u00e1 de derrotarlo y lo hace partido a partido, contra equipos y selecciones de muy alto nivel, sacando siempre lo mejor.<\/p>\n<p style=\"text-align: justify;\"><strong>&#8211; P: \u00bfHasta d\u00f3nde puede llegar Venezuela en esta Copa?<\/strong><\/p>\n<p style=\"text-align: justify;\"><strong>&#8211; R:<\/strong> El 7 de julio es nuestro techo y nuestro objetivo. No nos da miedo decirlo, el objetivo es mejorar lo que se hizo en la Copa 2011 donde llegamos a semifinales y estuvimos a penales de la final. Eso es lo que queremos mejorar.<\/p>\n","protected":false},"excerpt":{"rendered":"<p>EFE &#8211; El centrocampista venezolano Luis Manuel Seijas se\u00f1al\u00f3 en una entrevista con EFE que a su selecci\u00f3n, en el empate contra Brasil por 0-0 donde anularon a la anfitriona tres goles con la ayuda del videoarbitraje, \u00abno la salva el VAR\u00bb sino que \u00e9ste ayud\u00f3 al \u00e1rbitro a pitar de forma \u00abjusta\u00bb. \u00abA veces &#8230;<\/p>\n","protected":false},"author":3,"featured_media":38454,"comment_status":"closed","ping_status":"closed","sticky":false,"template":"","format":"standard","meta":{"footnotes":""},"categories":[752,40,3],"tags":[2046,2069,71],"class_list":["post-38440","post","type-post","status-publish","format-standard","has-post-thumbnail","hentry","category-appgd","category-seleccion-nacional-mayores","category-seleccion-nacional","tag-seleccion-nacional-mayores","tag-selecciones-nacionales","tag-vinotinto"],"_links":{"self":[{"href":"http:\/\/gradadigital.com\/home\/wp-json\/wp\/v2\/posts\/38440","targetHints":{"allow":["GET"]}}],"collection":[{"href":"http:\/\/gradadigital.com\/home\/wp-json\/wp\/v2\/posts"}],"about":[{"href":"http:\/\/gradadigital.com\/home\/wp-json\/wp\/v2\/types\/post"}],"author":[{"embeddable":true,"href":"http:\/\/gradadigital.com\/home\/wp-json\/wp\/v2\/users\/3"}],"replies":[{"embeddable":true,"href":"http:\/\/gradadigital.com\/home\/wp-json\/wp\/v2\/comments?post=38440"}],"version-history":[{"count":3,"href":"http:\/\/gradadigital.com\/home\/wp-json\/wp\/v2\/posts\/38440\/revisions"}],"predecessor-version":[{"id":38456,"href":"http:\/\/gradadigital.com\/home\/wp-json\/wp\/v2\/posts\/38440\/revisions\/38456"}],"wp:featuredmedia":[{"embeddable":true,"href":"http:\/\/gradadigital.com\/home\/wp-json\/wp\/v2\/media\/38454"}],"wp:attachment":[{"href":"http:\/\/gradadigital.com\/home\/wp-json\/wp\/v2\/media?parent=38440"}],"wp:term":[{"taxonomy":"category","embeddable":true,"href":"http:\/\/gradadigital.com\/home\/wp-json\/wp\/v2\/categories?post=38440"},{"taxonomy":"post_tag","embeddable":true,"href":"http:\/\/gradadigital.com\/home\/wp-json\/wp\/v2\/tags?post=38440"}],"curies":[{"name":"wp","href":"https:\/\/api.w.org\/{rel}","templated":true}]}}