{"id":38366,"date":"2019-06-19T14:31:07","date_gmt":"2019-06-19T18:31:07","guid":{"rendered":"http:\/\/gradadigital.com\/home\/?p=38366"},"modified":"2019-06-20T10:23:44","modified_gmt":"2019-06-20T14:23:44","slug":"hugo-sanchez-critica-a-directivos-por-no-tener-a-mexico-en-la-copa-america","status":"publish","type":"post","link":"http:\/\/gradadigital.com\/home\/hugo-sanchez-critica-a-directivos-por-no-tener-a-mexico-en-la-copa-america\/","title":{"rendered":"Hugo S\u00e1nchez critica a directivos por no tener a M\u00e9xico en la Copa Am\u00e9rica"},"content":{"rendered":"<p style=\"text-align: center;\"><img decoding=\"async\" src=\"http:\/\/gradadigital.com\/home\/wp-content\/uploads\/2019\/06\/hugo_sanchez.jpg\" \/><\/p>\n<p style=\"text-align: justify;\"><strong>EFE &#8211;<\/strong> El exgoleador del Real Madrid, el mexicano Hugo S\u00e1nchez, se lanz\u00f3 contra los directivos mexicanos a quienes acus\u00f3 por la ausencia de la selecci\u00f3n mexicana en la Copa Am\u00e9rica Brasil 2019 y las subsecuentes ediciones en algo que calific\u00f3 como un grave error de los dirigentes.<\/p>\n<p style=\"text-align: justify;\">M\u00e9xico negoci\u00f3 su entrada a la Copa Am\u00e9rica desde 1993, torneo de la Confederaci\u00f3n Sudamericana de F\u00fatbol (Conmebol), a pesar de pertenecer a la Confederaci\u00f3n de Norte, Centroam\u00e9rica y el Caribe de F\u00fatbol (Concacaf).<\/p>\n<p style=\"text-align: justify;\">Luego de 26 a\u00f1os y de asistir a 10 ediciones, la presencia de M\u00e9xico se vio cortada debido a que los calendarios de ambas confederaciones colisionan.<\/p>\n<p style=\"text-align: justify;\"><strong>\u00abEs una tristeza y una desilusi\u00f3n. Nuevamente tengo un enfado con los dirigentes, porque han sido los que han tomado las peores decisiones para el desarrollo y crecimiento del f\u00fatbol mexicano\u00bb<\/strong>, declar\u00f3 el &#8216;Pentapichichi&#8217; en entrevista con Efe.<\/p>\n<p style=\"text-align: justify;\">Calific\u00f3 como &#8216;una estupidez&#8217;, que los dirigentes mexicanos no hayan podido resolver esa situaci\u00f3n.<\/p>\n<p style=\"text-align: justify;\">Adem\u00e1s, S\u00e1nchez M\u00e1rquez, el mejor delantero en la historia de M\u00e9xico y quien gan\u00f3 cinco ligas con el Real Madrid, lament\u00f3 que los intereses econ\u00f3micos sobresalgan ante la necesidad de competencia.<\/p>\n<p style=\"text-align: justify;\">El Tricolor establece ganancias cuantiosas para los organizadores de Copa Oro de la Concacaf por lo que realizan este evento cada dos a\u00f1os en Estados Unidos.<\/p>\n<p style=\"text-align: justify;\"><strong>\u00abNo permitir que la selecci\u00f3n mexicana participe en la Copa Am\u00e9rica ha sido una de las decisiones m\u00e1s est\u00fapidas que han afectado al f\u00fatbol mexicano s\u00f3lo por ganar dinero, les interesa nada m\u00e1s lo econ\u00f3mico y no lo deportivo. Seguiremos estancados en el mismo sitio de donde salimos hace muchos a\u00f1os\u00bb<\/strong>, apunt\u00f3 a EFE.<\/p>\n<p style=\"text-align: justify;\">En el 2007, cuando era director t\u00e9cnico de M\u00e9xico, Hugo S\u00e1nchez obtuvo con el Tri el tercer sitio de la Copa Am\u00e9rica de Venezuela, de la que guarda buenos recuerdos.<\/p>\n<p style=\"text-align: justify;\"><strong>\u00abEs un torneo importante y en aquella ocasi\u00f3n demostramos venciendo a Brasil en la primera fase y llegando lejos. Los jugadores que llev\u00e9 se comportaron a la altura y regresamos con un tercer lugar merecido que dejaba claro la posici\u00f3n de M\u00e9xico en el f\u00fatbol de Suram\u00e9rica y el avance conseguido\u00bb<\/strong>, record\u00f3.<\/p>\n<p style=\"text-align: justify;\">Como jugador, S\u00e1nchez fue parte de la selecci\u00f3n que jug\u00f3 en el debut de M\u00e9xico en la Conmebol cuando en 1993 el Tri lleg\u00f3 a la Copa Am\u00e9rica de Ecuador en la que alcanz\u00f3 la final ante Argentina.<\/p>\n<p style=\"text-align: justify;\"><strong>\u00ab\u00bfCu\u00e1l fue la sorpresa? Que llegamos a la final. Yo estaba decidido a que, si sal\u00edamos campeones contra Argentina siendo capit\u00e1n, levantaba el trofeo y me desped\u00eda de forma definitiva de la selecci\u00f3n nacional, tristemente no fue as\u00ed y pospuse mi despedida, pero el escaparate de una Copa Am\u00e9rica es as\u00ed de grande que cre\u00eda era el entorno perfecto para retirarme\u00bb<\/strong>.<\/p>\n","protected":false},"excerpt":{"rendered":"<p>EFE &#8211; El exgoleador del Real Madrid, el mexicano Hugo S\u00e1nchez, se lanz\u00f3 contra los directivos mexicanos a quienes acus\u00f3 por la ausencia de la selecci\u00f3n mexicana en la Copa Am\u00e9rica Brasil 2019 y las subsecuentes ediciones en algo que calific\u00f3 como un grave error de los dirigentes. M\u00e9xico negoci\u00f3 su entrada a la Copa &#8230;<\/p>\n","protected":false},"author":3,"featured_media":38399,"comment_status":"closed","ping_status":"closed","sticky":false,"template":"","format":"standard","meta":{"footnotes":""},"categories":[752,42],"tags":[932,102],"class_list":["post-38366","post","type-post","status-publish","format-standard","has-post-thumbnail","hentry","category-appgd","category-copa-america","tag-copa-america","tag-mexico"],"_links":{"self":[{"href":"http:\/\/gradadigital.com\/home\/wp-json\/wp\/v2\/posts\/38366","targetHints":{"allow":["GET"]}}],"collection":[{"href":"http:\/\/gradadigital.com\/home\/wp-json\/wp\/v2\/posts"}],"about":[{"href":"http:\/\/gradadigital.com\/home\/wp-json\/wp\/v2\/types\/post"}],"author":[{"embeddable":true,"href":"http:\/\/gradadigital.com\/home\/wp-json\/wp\/v2\/users\/3"}],"replies":[{"embeddable":true,"href":"http:\/\/gradadigital.com\/home\/wp-json\/wp\/v2\/comments?post=38366"}],"version-history":[{"count":3,"href":"http:\/\/gradadigital.com\/home\/wp-json\/wp\/v2\/posts\/38366\/revisions"}],"predecessor-version":[{"id":38416,"href":"http:\/\/gradadigital.com\/home\/wp-json\/wp\/v2\/posts\/38366\/revisions\/38416"}],"wp:featuredmedia":[{"embeddable":true,"href":"http:\/\/gradadigital.com\/home\/wp-json\/wp\/v2\/media\/38399"}],"wp:attachment":[{"href":"http:\/\/gradadigital.com\/home\/wp-json\/wp\/v2\/media?parent=38366"}],"wp:term":[{"taxonomy":"category","embeddable":true,"href":"http:\/\/gradadigital.com\/home\/wp-json\/wp\/v2\/categories?post=38366"},{"taxonomy":"post_tag","embeddable":true,"href":"http:\/\/gradadigital.com\/home\/wp-json\/wp\/v2\/tags?post=38366"}],"curies":[{"name":"wp","href":"https:\/\/api.w.org\/{rel}","templated":true}]}}