{"id":38342,"date":"2019-06-17T16:50:54","date_gmt":"2019-06-17T20:50:54","guid":{"rendered":"http:\/\/gradadigital.com\/home\/?p=38342"},"modified":"2019-06-18T16:57:10","modified_gmt":"2019-06-18T20:57:10","slug":"tomas-rincon-respetamos-a-brasil-pero-no-le-tememos","status":"publish","type":"post","link":"http:\/\/gradadigital.com\/home\/tomas-rincon-respetamos-a-brasil-pero-no-le-tememos\/","title":{"rendered":"Tom\u00e1s Rinc\u00f3n: \u00abRespetamos a Brasil, pero no le tememos\u00bb"},"content":{"rendered":"<p style=\"text-align: justify;\"><strong>EFE &#8211;<\/strong> El capit\u00e1n de la selecci\u00f3n de Venezuela Tom\u00e1s Rinc\u00f3n afirm\u00f3 este s\u00e1bado que la Vinotinto respeta a Brasil, su pr\u00f3ximo rival en la Copa Am\u00e9rica tras haber empatado sin goles ante Per\u00fa, pero advirti\u00f3 que no le tienen ning\u00fan temor.<\/p>\n<p style=\"text-align: justify;\"><strong>\u00abEs un rival importante que ha ganado su primer partido, juega en casa y tendr\u00e1 la responsabilidad de buscar la victoria. Nosotros los respetamos, pero no les tememos\u00bb<\/strong>, se\u00f1al\u00f3 Rinc\u00f3n tras disputar el encuentro contra Per\u00fa.<\/p>\n<p style=\"text-align: justify;\">Sobre el encuentro ante la Blanquirroja, Rinc\u00f3n se\u00f1al\u00f3 que fue un partido equilibrado donde la Vinotinto puedo haberlo hecho mejor, sobre todo en el \u00faltimo cuarto de cancha, donde se marcan los goles.<\/p>\n<p style=\"text-align: justify;\">El centrocampista calific\u00f3 el punto conseguido de valioso y apunt\u00f3 que la Vinotinto todav\u00eda tiene margen de mejora para los pr\u00f3ximos partidos con Brasil y tambi\u00e9n con Bolivia, sus otros dos rivales en el Grupo A de la Copa Am\u00e9rica.<\/p>\n","protected":false},"excerpt":{"rendered":"<p>EFE &#8211; El capit\u00e1n de la selecci\u00f3n de Venezuela Tom\u00e1s Rinc\u00f3n afirm\u00f3 este s\u00e1bado que la Vinotinto respeta a Brasil, su pr\u00f3ximo rival en la Copa Am\u00e9rica tras haber empatado sin goles ante Per\u00fa, pero advirti\u00f3 que no le tienen ning\u00fan temor. \u00abEs un rival importante que ha ganado su primer partido, juega en casa &#8230;<\/p>\n","protected":false},"author":3,"featured_media":0,"comment_status":"closed","ping_status":"closed","sticky":false,"template":"","format":"standard","meta":{"footnotes":""},"categories":[752,40,3],"tags":[2046,2069],"class_list":["post-38342","post","type-post","status-publish","format-standard","hentry","category-appgd","category-seleccion-nacional-mayores","category-seleccion-nacional","tag-seleccion-nacional-mayores","tag-selecciones-nacionales"],"_links":{"self":[{"href":"http:\/\/gradadigital.com\/home\/wp-json\/wp\/v2\/posts\/38342","targetHints":{"allow":["GET"]}}],"collection":[{"href":"http:\/\/gradadigital.com\/home\/wp-json\/wp\/v2\/posts"}],"about":[{"href":"http:\/\/gradadigital.com\/home\/wp-json\/wp\/v2\/types\/post"}],"author":[{"embeddable":true,"href":"http:\/\/gradadigital.com\/home\/wp-json\/wp\/v2\/users\/3"}],"replies":[{"embeddable":true,"href":"http:\/\/gradadigital.com\/home\/wp-json\/wp\/v2\/comments?post=38342"}],"version-history":[{"count":1,"href":"http:\/\/gradadigital.com\/home\/wp-json\/wp\/v2\/posts\/38342\/revisions"}],"predecessor-version":[{"id":38343,"href":"http:\/\/gradadigital.com\/home\/wp-json\/wp\/v2\/posts\/38342\/revisions\/38343"}],"wp:attachment":[{"href":"http:\/\/gradadigital.com\/home\/wp-json\/wp\/v2\/media?parent=38342"}],"wp:term":[{"taxonomy":"category","embeddable":true,"href":"http:\/\/gradadigital.com\/home\/wp-json\/wp\/v2\/categories?post=38342"},{"taxonomy":"post_tag","embeddable":true,"href":"http:\/\/gradadigital.com\/home\/wp-json\/wp\/v2\/tags?post=38342"}],"curies":[{"name":"wp","href":"https:\/\/api.w.org\/{rel}","templated":true}]}}