{"id":38298,"date":"2019-06-14T18:00:58","date_gmt":"2019-06-14T22:00:58","guid":{"rendered":"http:\/\/gradadigital.com\/home\/?p=38298"},"modified":"2019-06-15T00:38:50","modified_gmt":"2019-06-15T04:38:50","slug":"rosales-estamos-enfocados-en-que-no-sea-una-copa-mas-para-venezuela","status":"publish","type":"post","link":"http:\/\/gradadigital.com\/home\/rosales-estamos-enfocados-en-que-no-sea-una-copa-mas-para-venezuela\/","title":{"rendered":"Rosales: \u00abEstamos enfocados en que no sea una Copa m\u00e1s para Venezuela\u00bb"},"content":{"rendered":"<p style=\"text-align: center;\"><img decoding=\"async\" src=\"http:\/\/gradadigital.com\/home\/wp-content\/uploads\/2019\/06\/roberto_rosales_05062019.jpg\" \/><\/p>\n<p style=\"text-align: justify;\"><strong>EFE &#8211;<\/strong> El lateral derecho de la selecci\u00f3n venezolana Roberto Rosales afirm\u00f3 este viernes que todos los jugadores de la Vinotinto est\u00e1n enfocados <strong>\u00aben que esta no sea una Copa m\u00e1s\u00bb<\/strong> y el equipo llegue a las \u00faltimas instancias del torneo.<\/p>\n<p style=\"text-align: justify;\">Rosales reconoci\u00f3 en conferencia de prensa que la meta marcada por el cuadro venezolano es muy complicada por la dificultad de los rivales, como la selecci\u00f3n peruana, su primer rival en el torneo este s\u00e1bado en el estadio Arena de Gremio, de Porto Alegre.<\/p>\n<p style=\"text-align: justify;\"><strong>\u00abEs una responsabilidad linda pero va a depender de todos hacer una buena Copa. Hemos hecho una excelente preparaci\u00f3n\u00bb<\/strong>, destac\u00f3 Rosales, que apunta a titular en la banda derecha frente a la Blanquirroja.<\/p>\n<p style=\"text-align: justify;\">El futbolista del Espanyol de Barcelona reconoci\u00f3 que junto a otros experimentados jugadores de la selecci\u00f3n venezolana como Salom\u00f3n Rond\u00f3n y Tom\u00e1s Rinc\u00f3n tiene la responsabilidad de orientar a los m\u00e1s j\u00f3venes que se est\u00e1n incorporando al combinado dirigido por Rafael Dudamel.<\/p>\n<p style=\"text-align: justify;\"><strong>\u00abGracias a Dios tenemos una buena selecci\u00f3n de juventud y experiencia\u00bb<\/strong>, apunt\u00f3 Rosales sobre los 23 futbolistas convocados para esta Copa Am\u00e9rica, donde hay algunos miembros de la selecci\u00f3n que hace dos a\u00f1os lleg\u00f3 a la final del Mundial Sub-20.<\/p>\n<p style=\"text-align: justify;\">Adem\u00e1s de a Per\u00fa, la Vinotinto se enfrentar\u00e1 en el Grupo A de la Copa Am\u00e9rica a Brasil el martes 18 en Salvador de Bah\u00eda y a Bolivia el s\u00e1bado 22 en Belo Horizonte.<\/p>\n<p style=\"text-align: justify;\">El mejor resultado de Venezuela en la Copa Am\u00e9rica es el cuarto puesto obtenido en la edici\u00f3n de 2011 en Argentina, donde precisamente perdi\u00f3 el \u00faltimo partido contra Per\u00fa por 4-1, con un triplete de Paolo Guerrero.<\/p>\n","protected":false},"excerpt":{"rendered":"<p>EFE &#8211; El lateral derecho de la selecci\u00f3n venezolana Roberto Rosales afirm\u00f3 este viernes que todos los jugadores de la Vinotinto est\u00e1n enfocados \u00aben que esta no sea una Copa m\u00e1s\u00bb y el equipo llegue a las \u00faltimas instancias del torneo. Rosales reconoci\u00f3 en conferencia de prensa que la meta marcada por el cuadro venezolano &#8230;<\/p>\n","protected":false},"author":3,"featured_media":38304,"comment_status":"closed","ping_status":"closed","sticky":false,"template":"","format":"standard","meta":{"footnotes":""},"categories":[752,40,3],"tags":[77,2046,2069],"class_list":["post-38298","post","type-post","status-publish","format-standard","has-post-thumbnail","hentry","category-appgd","category-seleccion-nacional-mayores","category-seleccion-nacional","tag-roberto-rosales","tag-seleccion-nacional-mayores","tag-selecciones-nacionales"],"_links":{"self":[{"href":"http:\/\/gradadigital.com\/home\/wp-json\/wp\/v2\/posts\/38298","targetHints":{"allow":["GET"]}}],"collection":[{"href":"http:\/\/gradadigital.com\/home\/wp-json\/wp\/v2\/posts"}],"about":[{"href":"http:\/\/gradadigital.com\/home\/wp-json\/wp\/v2\/types\/post"}],"author":[{"embeddable":true,"href":"http:\/\/gradadigital.com\/home\/wp-json\/wp\/v2\/users\/3"}],"replies":[{"embeddable":true,"href":"http:\/\/gradadigital.com\/home\/wp-json\/wp\/v2\/comments?post=38298"}],"version-history":[{"count":2,"href":"http:\/\/gradadigital.com\/home\/wp-json\/wp\/v2\/posts\/38298\/revisions"}],"predecessor-version":[{"id":38308,"href":"http:\/\/gradadigital.com\/home\/wp-json\/wp\/v2\/posts\/38298\/revisions\/38308"}],"wp:featuredmedia":[{"embeddable":true,"href":"http:\/\/gradadigital.com\/home\/wp-json\/wp\/v2\/media\/38304"}],"wp:attachment":[{"href":"http:\/\/gradadigital.com\/home\/wp-json\/wp\/v2\/media?parent=38298"}],"wp:term":[{"taxonomy":"category","embeddable":true,"href":"http:\/\/gradadigital.com\/home\/wp-json\/wp\/v2\/categories?post=38298"},{"taxonomy":"post_tag","embeddable":true,"href":"http:\/\/gradadigital.com\/home\/wp-json\/wp\/v2\/tags?post=38298"}],"curies":[{"name":"wp","href":"https:\/\/api.w.org\/{rel}","templated":true}]}}