{"id":38291,"date":"2019-06-13T18:58:11","date_gmt":"2019-06-13T22:58:11","guid":{"rendered":"http:\/\/gradadigital.com\/home\/?p=38291"},"modified":"2019-06-15T00:39:28","modified_gmt":"2019-06-15T04:39:28","slug":"darwin-machis-para-venezuela-es-un-privilegio-tener-a-rondon","status":"publish","type":"post","link":"http:\/\/gradadigital.com\/home\/darwin-machis-para-venezuela-es-un-privilegio-tener-a-rondon\/","title":{"rendered":"Darwin Mach\u00eds: \u00abPara Venezuela es un privilegio tener a Rond\u00f3n\u00bb"},"content":{"rendered":"<p style=\"text-align: center;\"><img decoding=\"async\" src=\"http:\/\/gradadigital.com\/home\/wp-content\/uploads\/2019\/06\/darwin_machis_05062019.jpg\" \/><\/p>\n<p style=\"text-align: justify;\"><strong>EFE &#8211;<\/strong> El delantero de la selecci\u00f3n venezolana Darwin Mach\u00eds asegur\u00f3 este jueves que para la Vinotinto <strong>\u00abes un privilegio\u00bb<\/strong> tener a Salom\u00f3n Rond\u00f3n, el m\u00e1ximo goleador hist\u00f3rico del combinado nacional desde el domingo, cuando anot\u00f3 un doblete a Estados Unidos.<\/p>\n<p style=\"text-align: justify;\"><strong>\u00abEsperemos hacer un gran trabajo y que \u00e9l nos aporte mucho de sus goles\u00bb<\/strong>, dese\u00f3 Mach\u00eds antes de comenzar el entrenamiento del equipo venezolano en Porto Alegre (Brasil), donde la Vinotinto prepara su primer encuentro de la Copa Am\u00e9rica de Brasil 2019, cuyo rival ser\u00e1 Per\u00fa.<\/p>\n<p style=\"text-align: justify;\">El delantero, que esta temporada jug\u00f3 cedido por el Udinese italiano en el C\u00e1diz espa\u00f1ol, coment\u00f3 que la selecci\u00f3n lleva ya varios d\u00edas analizando a Per\u00fa, <strong>\u00abun gran rival\u00bb<\/strong> al que esperan ganarle los tres puntos.<\/p>\n<p style=\"text-align: justify;\"><strong>\u00abVa a ser un partido muy complicado, como todos los partidos de la Copa. Vamos partido a partido y primero toca Per\u00fa\u00bb<\/strong>, dijo el delantero de 26 a\u00f1os.<\/p>\n<p style=\"text-align: justify;\">Preguntado por el seleccionador Rafael Dudamel, el atacante reconoci\u00f3 que le ha sorprendido la actitud cercana que tiene con los jugadores.<\/p>\n<p style=\"text-align: justify;\"><strong>\u00abHe tenido t\u00e9cnicos que son muy de hablar con el cuerpo t\u00e9cnico, pero el &#8216;profe&#8217; es muy cercano a los jugadores. Habla mucho con nosotros y me alegra que sea tan cercano\u00bb<\/strong>, valor\u00f3.<\/p>\n<p style=\"text-align: justify;\">Por su parte, el defensa central Yordan Osorio destac\u00f3 los trabajos que est\u00e1n realizando en la zaga para mejorar su sistema de cara al encuentro contra Per\u00fa.<\/p>\n<p style=\"text-align: justify;\">Osorio indic\u00f3 que han puesto mucha atenci\u00f3n en las jugadas a bal\u00f3n parado. <strong>\u00abEs muy importante estar atento los 90 minutos. Cualquier falla o cualquier error es muy importante. Tenemos que trabajar bastante defensivamente y estar atentos\u00bb<\/strong>, reconoci\u00f3.<\/p>\n<p style=\"text-align: justify;\">La selecci\u00f3n venezolana pudo reunir este jueves por primera vez a los veintitr\u00e9s jugadores que disputar\u00e1n la Copa Am\u00e9rica con la incorporaci\u00f3n del extremo Yeferson Soteldo, que lleg\u00f3 a la cancha desde el aeropuerto tras haber jugado el mi\u00e9rcoles con Santos brasile\u00f1o contra Corinthians.<\/p>\n","protected":false},"excerpt":{"rendered":"<p>EFE &#8211; El delantero de la selecci\u00f3n venezolana Darwin Mach\u00eds asegur\u00f3 este jueves que para la Vinotinto \u00abes un privilegio\u00bb tener a Salom\u00f3n Rond\u00f3n, el m\u00e1ximo goleador hist\u00f3rico del combinado nacional desde el domingo, cuando anot\u00f3 un doblete a Estados Unidos. \u00abEsperemos hacer un gran trabajo y que \u00e9l nos aporte mucho de sus goles\u00bb, &#8230;<\/p>\n","protected":false},"author":3,"featured_media":38305,"comment_status":"closed","ping_status":"closed","sticky":false,"template":"","format":"standard","meta":{"footnotes":""},"categories":[752,40,3],"tags":[253,1629,2046,2069],"class_list":["post-38291","post","type-post","status-publish","format-standard","has-post-thumbnail","hentry","category-appgd","category-seleccion-nacional-mayores","category-seleccion-nacional","tag-darwin-machis","tag-machis","tag-seleccion-nacional-mayores","tag-selecciones-nacionales"],"_links":{"self":[{"href":"http:\/\/gradadigital.com\/home\/wp-json\/wp\/v2\/posts\/38291","targetHints":{"allow":["GET"]}}],"collection":[{"href":"http:\/\/gradadigital.com\/home\/wp-json\/wp\/v2\/posts"}],"about":[{"href":"http:\/\/gradadigital.com\/home\/wp-json\/wp\/v2\/types\/post"}],"author":[{"embeddable":true,"href":"http:\/\/gradadigital.com\/home\/wp-json\/wp\/v2\/users\/3"}],"replies":[{"embeddable":true,"href":"http:\/\/gradadigital.com\/home\/wp-json\/wp\/v2\/comments?post=38291"}],"version-history":[{"count":3,"href":"http:\/\/gradadigital.com\/home\/wp-json\/wp\/v2\/posts\/38291\/revisions"}],"predecessor-version":[{"id":38307,"href":"http:\/\/gradadigital.com\/home\/wp-json\/wp\/v2\/posts\/38291\/revisions\/38307"}],"wp:featuredmedia":[{"embeddable":true,"href":"http:\/\/gradadigital.com\/home\/wp-json\/wp\/v2\/media\/38305"}],"wp:attachment":[{"href":"http:\/\/gradadigital.com\/home\/wp-json\/wp\/v2\/media?parent=38291"}],"wp:term":[{"taxonomy":"category","embeddable":true,"href":"http:\/\/gradadigital.com\/home\/wp-json\/wp\/v2\/categories?post=38291"},{"taxonomy":"post_tag","embeddable":true,"href":"http:\/\/gradadigital.com\/home\/wp-json\/wp\/v2\/tags?post=38291"}],"curies":[{"name":"wp","href":"https:\/\/api.w.org\/{rel}","templated":true}]}}