{"id":3829,"date":"2013-08-21T11:44:03","date_gmt":"2013-08-21T16:14:03","guid":{"rendered":"http:\/\/gradadigital.com\/home\/?p=3829"},"modified":"2013-08-21T11:44:03","modified_gmt":"2013-08-21T16:14:03","slug":"estudiantes-de-caroni-quiere-seguir-haciendo-historia","status":"publish","type":"post","link":"http:\/\/gradadigital.com\/home\/estudiantes-de-caroni-quiere-seguir-haciendo-historia\/","title":{"rendered":"Estudiantes de Caron\u00ed quiere seguir haciendo historia"},"content":{"rendered":"<p style=\"text-align: center;\"><img loading=\"lazy\" decoding=\"async\" class=\"alignnone size-full wp-image-3581\" alt=\"angostura_estudiantescaroni_14082013_2\" src=\"http:\/\/gradadigital.com\/home\/wp-content\/uploads\/2013\/08\/angostura_estudiantescaroni_14082013_2.jpg\" width=\"596\" height=\"346\" srcset=\"http:\/\/gradadigital.com\/home\/wp-content\/uploads\/2013\/08\/angostura_estudiantescaroni_14082013_2.jpg 596w, http:\/\/gradadigital.com\/home\/wp-content\/uploads\/2013\/08\/angostura_estudiantescaroni_14082013_2-300x174.jpg 300w\" sizes=\"auto, (max-width: 596px) 100vw, 596px\" \/><\/p>\n<p style=\"text-align: justify;\"><b>Jarbin R. Rojas &#8211; <\/b>La historia dice que, por primera vez, en el Polideportivo El Gallo de San F\u00e9lix se jugar\u00e1 la Copa Venezuela. En esa ocasi\u00f3n el anfitri\u00f3n ser\u00e1 Estudiantes de Caron\u00ed, equipo fundado en 2011 y que a la fecha ya cuenta con un buen arranque en el campeonato.<\/p>\n<p style=\"text-align: justify;\">En Matur\u00edn pudo conseguir una victoria por la m\u00ednima ante Angostura FC y en su compromiso de vuelta los acad\u00e9micos esperan concretar su pase a la Segunda Fase de la Copa Venezuela 2013.<\/p>\n<p style=\"text-align: justify;\">Ciertas modificaciones se esperan en el equipo de Miguel Aguilera pues una nueva lista de convocados fue anunciada por el director t\u00e9cnico para \u00e9ste partido aunque seguir\u00e1 siendo el juego ofensivo la apuesta primordial.<\/p>\n<p style=\"text-align: justify;\">No podr\u00e1n contar con Alberto C\u00f3rdova pues debe cumplir un partido de sanci\u00f3n al ser expulsado con roja directa en el compromiso de ida aunque recuperan al defensor Enelson Fuentes y el delantero Jos\u00e9 \u2018Upata\u2019 D\u00edaz recuperados ambos de sus lesiones.<\/p>\n<p style=\"text-align: justify;\">El t\u00e9cnico Miguel Aguilera sabe que parte con cierta ventaja por el resultado obtenido en Matur\u00edn adem\u00e1s que toca cerrar la llave en condici\u00f3n de local sin embargo no se conf\u00eda y aclara que exigir\u00e1 a sus jugadores hacer respetar la casa.\u00a0<b>\u201cTenemos idea de c\u00f3mo juegan y que tienen jugadores interesantes pero nosotros vamos a hacer respetar la casa y sabemos que la afici\u00f3n nos va a apoyar\u201d<\/b>\u00a0dijo.<\/p>\n<p style=\"text-align: justify;\">Sobre los cambios en la convocatoria, el estratega guayan\u00e9s dej\u00f3 claro que\u00a0<b>\u201csiempre he manejado alineaciones diferentes. En Caracas y Matur\u00edn lo hicimos y hoy trabajaremos con jugadores diferentes. Tenemos un gran grupo y al que le toque tiene que hacerla\u201d<\/b>.<\/p>\n<p style=\"text-align: justify;\">Aguilera no dud\u00f3 en decir que el partido de ida no se inici\u00f3 como esperaban pues era el primer partido oficial sin embargo apunta que\u00a0<b>\u201csudaron la camiseta, se entregaron en la cancha, jugaron con el coraz\u00f3n. Se tuvo responsabilidad\u201d<\/b>.<\/p>\n<p style=\"text-align: justify;\">Por \u00faltimo el t\u00e9cnico acad\u00e9mico aprovecho la oportunidad de agradecer a las personas que han apoyado el proyecto desde su inicio.\u00a0<b>\u201cMucha gente contenta por lo que hemos logrado hasta los momentos. Gracias a Dios y al Alcalde Jos\u00e9 Ram\u00f3n L\u00f3pez por primera vez se jugar\u00e1 Copa Venezuela en San F\u00e9lix ya que se logr\u00f3 recuperar el Polideportivo El Gallo. Esperamos contar con el apoyo de toda esa gente para este partido\u201d<\/b>\u00a0finaliz\u00f3.<\/p>\n<p style=\"text-align: justify;\"><b>Entradas a la venta<\/b><\/p>\n<p style=\"text-align: justify;\">El Gerente Administrativo del equipo, Jes\u00fas Meza, dio a conocer que las entradas los fan\u00e1ticos la pueden adquirir en las taquillas del Polideportivo El Gallo. La misma tendr\u00e1 un costo de Bs. 20.<\/p>\n<p style=\"text-align: justify;\">De igual manera explic\u00f3 que se sortearan algunas de las entradas por las distintas redes sociales del equipo con el fin de atraer m\u00e1s p\u00fablico al partido de debut.<\/p>\n<p style=\"text-align: justify;\"><b>Nuevos llamados<\/b><\/p>\n<p style=\"text-align: justify;\">El cuerpo t\u00e9cnico incluy\u00f3 en la lista de convocados a los defensores Alejandro Valero y Enelson Fuentes tambi\u00e9n a los volantes Luis Rodr\u00edguez y Jos\u00e9 Rojas quienes reciben su primer llamado al equipo.<\/p>\n<p style=\"text-align: justify;\">Los acompa\u00f1a en la convocatoria los arqueros Jos\u00e9 Macedo y H\u00e9ctor Rodr\u00edguez; los zagueros Eduardo Rausseo, Douglas Hern\u00e1ndez, Ram\u00f3n Russian y Jes\u00fas C\u00f3rdova. Tambi\u00e9n los mediocampistas Adam Prieto, Gustavo Mart\u00ednez, Roberth Godad y Euclides Az\u00f3car adem\u00e1s de los delanteros Jos\u00e9 \u2018Upata\u2019 D\u00edaz, Francisco Serna, Ennys Castillo y Alexis Valero.<\/p>\n","protected":false},"excerpt":{"rendered":"<p>Jarbin R. Rojas &#8211; La historia dice que, por primera vez, en el Polideportivo El Gallo de San F\u00e9lix se jugar\u00e1 la Copa Venezuela. En esa ocasi\u00f3n el anfitri\u00f3n ser\u00e1 Estudiantes de Caron\u00ed, equipo fundado en 2011 y que a la fecha ya cuenta con un buen arranque en el campeonato. En Matur\u00edn pudo conseguir &#8230;<\/p>\n","protected":false},"author":4,"featured_media":3581,"comment_status":"closed","ping_status":"closed","sticky":false,"template":"","format":"standard","meta":{"footnotes":""},"categories":[34,5],"tags":[],"class_list":["post-3829","post","type-post","status-publish","format-standard","has-post-thumbnail","hentry","category-copa-venezuela","category-futbol-nacional"],"_links":{"self":[{"href":"http:\/\/gradadigital.com\/home\/wp-json\/wp\/v2\/posts\/3829","targetHints":{"allow":["GET"]}}],"collection":[{"href":"http:\/\/gradadigital.com\/home\/wp-json\/wp\/v2\/posts"}],"about":[{"href":"http:\/\/gradadigital.com\/home\/wp-json\/wp\/v2\/types\/post"}],"author":[{"embeddable":true,"href":"http:\/\/gradadigital.com\/home\/wp-json\/wp\/v2\/users\/4"}],"replies":[{"embeddable":true,"href":"http:\/\/gradadigital.com\/home\/wp-json\/wp\/v2\/comments?post=3829"}],"version-history":[{"count":2,"href":"http:\/\/gradadigital.com\/home\/wp-json\/wp\/v2\/posts\/3829\/revisions"}],"predecessor-version":[{"id":3831,"href":"http:\/\/gradadigital.com\/home\/wp-json\/wp\/v2\/posts\/3829\/revisions\/3831"}],"wp:featuredmedia":[{"embeddable":true,"href":"http:\/\/gradadigital.com\/home\/wp-json\/wp\/v2\/media\/3581"}],"wp:attachment":[{"href":"http:\/\/gradadigital.com\/home\/wp-json\/wp\/v2\/media?parent=3829"}],"wp:term":[{"taxonomy":"category","embeddable":true,"href":"http:\/\/gradadigital.com\/home\/wp-json\/wp\/v2\/categories?post=3829"},{"taxonomy":"post_tag","embeddable":true,"href":"http:\/\/gradadigital.com\/home\/wp-json\/wp\/v2\/tags?post=3829"}],"curies":[{"name":"wp","href":"https:\/\/api.w.org\/{rel}","templated":true}]}}