{"id":37938,"date":"2018-07-20T15:40:47","date_gmt":"2018-07-20T20:10:47","guid":{"rendered":"http:\/\/gradadigital.com\/home\/?p=37938"},"modified":"2018-07-20T20:55:07","modified_gmt":"2018-07-21T01:25:07","slug":"christian-santos-se-toma-el-depor-como-oportunidad-para-reivindicarse","status":"publish","type":"post","link":"http:\/\/gradadigital.com\/home\/christian-santos-se-toma-el-depor-como-oportunidad-para-reivindicarse\/","title":{"rendered":"+VIDEO | Christian Santos se toma el D\u00e9por como \u00aboportunidad para reivindicarse\u00bb"},"content":{"rendered":"<p style=\"text-align: center;\"><img decoding=\"async\" src=\"http:\/\/gradadigital.com\/home\/wp-content\/uploads\/2018\/07\/christian_santos_rcdeportivo_20072018_1.jpg\" \/><\/p>\n<p style=\"text-align: justify;\"><strong>EFE &#8211;<\/strong> El venezolano Christian Santos, delantero del Deportivo, ha afirmado este viernes que se toma <strong>\u00abcomo una oportunidad para reivindicarse\u00bb<\/strong> la etapa que inicia en el conjunto coru\u00f1\u00e9s, al que llega tras dos a\u00f1os sin demasiado protagonismo en el Deportivo Alav\u00e9s.<\/p>\n<p style=\"text-align: justify;\"><strong>\u00abLos \u00faltimos dos a\u00f1os me toc\u00f3 participar menos, pero eso no quiere decir que no estuviera esforz\u00e1ndome, entrenando bien. Creo que me merec\u00eda jugar m\u00e1s. Esta es una oportunidad para reivindicarse, es una meta personal, llegar a mi nivel \u00f3ptimo\u00bb<\/strong>, coment\u00f3 en rueda de prensa.<\/p>\n<p style=\"text-align: justify;\">El futbolista afirm\u00f3 que jugar en la Segunda Divisi\u00f3n de Espa\u00f1a no es <strong>\u00abun paso atr\u00e1s\u00bb<\/strong> en su carrera ya que, en su opini\u00f3n, <strong>\u00absiempre se da un paso adelante cuando uno toma otro camino\u00bb<\/strong>.<\/p>\n<p style=\"text-align: justify;\">Adem\u00e1s, explic\u00f3 que el Deportivo <strong>\u00abes un equipo que lo tiene todo\u00bb<\/strong> y en el que se ha encontrado con un buen vestuario.<\/p>\n<p style=\"text-align: justify;\"><strong>\u00abEstoy muy feliz de estar aqu\u00ed. Los compa\u00f1eros me tratan bien, tengo suerte de haber dado con un grupo tan bueno\u00bb<\/strong>, dijo.<\/p>\n<p style=\"text-align: justify;\">Preguntado por un objetivo de goles, apunt\u00f3 que <strong>\u00absi cada quien hace las cosas bien y aporta lo que debe hacer, eso viene solo\u00bb<\/strong>.<\/p>\n<p style=\"text-align: justify;\">Santos advirti\u00f3 de que es <strong>\u00abun jugador al que le gusta estar cerca del \u00e1rea\u00bb<\/strong>, preparado para rematar los centros que lleguen desde la banda.<\/p>\n<p style=\"text-align: justify;\"><strong>\u00abTambi\u00e9n me gusta combinar, relacionarme con el equipo, hacer m\u00e1s una pared que el uno contra uno\u00bb<\/strong>, reconoci\u00f3.<\/p>\n<p style=\"text-align: justify;\">A\u00f1adi\u00f3 que el t\u00e9cnico blanquiazul, Natxo Gonz\u00e1lez, est\u00e1 trabajando el sistema 4-4-2, que considera adecuado para su juego porque va a generar <strong>\u00abmuchas oportunidades de llegar a banda y finalizar\u00bb<\/strong>.<\/p>\n<iframe loading=\"lazy\" width=\"621\" height=\"384\" src=\"http:\/\/www.youtube.com\/embed\/Ca0XX5Z1tTM?rel=0\" frameborder=\"0\" allowfullscreen><\/iframe>\n","protected":false},"excerpt":{"rendered":"<p>EFE &#8211; El venezolano Christian Santos, delantero del Deportivo, ha afirmado este viernes que se toma \u00abcomo una oportunidad para reivindicarse\u00bb la etapa que inicia en el conjunto coru\u00f1\u00e9s, al que llega tras dos a\u00f1os sin demasiado protagonismo en el Deportivo Alav\u00e9s. \u00abLos \u00faltimos dos a\u00f1os me toc\u00f3 participar menos, pero eso no quiere decir &#8230;<\/p>\n","protected":false},"author":3,"featured_media":37942,"comment_status":"closed","ping_status":"closed","sticky":false,"template":"","format":"standard","meta":{"footnotes":""},"categories":[27,752,36,4],"tags":[1005,1431],"class_list":["post-37938","post","type-post","status-publish","format-standard","has-post-thumbnail","hentry","category-video","category-appgd","category-internacional","category-legionarios","tag-christian-santos","tag-legionarios"],"_links":{"self":[{"href":"http:\/\/gradadigital.com\/home\/wp-json\/wp\/v2\/posts\/37938","targetHints":{"allow":["GET"]}}],"collection":[{"href":"http:\/\/gradadigital.com\/home\/wp-json\/wp\/v2\/posts"}],"about":[{"href":"http:\/\/gradadigital.com\/home\/wp-json\/wp\/v2\/types\/post"}],"author":[{"embeddable":true,"href":"http:\/\/gradadigital.com\/home\/wp-json\/wp\/v2\/users\/3"}],"replies":[{"embeddable":true,"href":"http:\/\/gradadigital.com\/home\/wp-json\/wp\/v2\/comments?post=37938"}],"version-history":[{"count":3,"href":"http:\/\/gradadigital.com\/home\/wp-json\/wp\/v2\/posts\/37938\/revisions"}],"predecessor-version":[{"id":37944,"href":"http:\/\/gradadigital.com\/home\/wp-json\/wp\/v2\/posts\/37938\/revisions\/37944"}],"wp:featuredmedia":[{"embeddable":true,"href":"http:\/\/gradadigital.com\/home\/wp-json\/wp\/v2\/media\/37942"}],"wp:attachment":[{"href":"http:\/\/gradadigital.com\/home\/wp-json\/wp\/v2\/media?parent=37938"}],"wp:term":[{"taxonomy":"category","embeddable":true,"href":"http:\/\/gradadigital.com\/home\/wp-json\/wp\/v2\/categories?post=37938"},{"taxonomy":"post_tag","embeddable":true,"href":"http:\/\/gradadigital.com\/home\/wp-json\/wp\/v2\/tags?post=37938"}],"curies":[{"name":"wp","href":"https:\/\/api.w.org\/{rel}","templated":true}]}}