{"id":37860,"date":"2018-07-15T16:47:50","date_gmt":"2018-07-15T21:17:50","guid":{"rendered":"http:\/\/gradadigital.com\/home\/?p=37860"},"modified":"2018-07-16T20:17:16","modified_gmt":"2018-07-17T00:47:16","slug":"zlatko-dalic-en-una-final-de-un-mundial-no-es-normal-pitar-un-penalti-asi","status":"publish","type":"post","link":"http:\/\/gradadigital.com\/home\/zlatko-dalic-en-una-final-de-un-mundial-no-es-normal-pitar-un-penalti-asi\/","title":{"rendered":"Zlatko Dalic: \u00abEn una final de un Mundial no es normal pitar un penalti as\u00ed\u00bb"},"content":{"rendered":"<p style=\"text-align: center;\"><img decoding=\"async\" src=\"http:\/\/gradadigital.com\/home\/wp-content\/uploads\/2018\/07\/dalic_croacia_copa_mundial_rusia2018_15072018.jpg\" \/><\/p>\n<p style=\"text-align: justify;\"><strong>EFE &#8211;<\/strong> El seleccionador de Croacia, Zlatko Dalic, felicit\u00f3 a Francia por su \u00e9xito en Rusia 2018, realz\u00f3 el papel realizado por su equipo y rechaz\u00f3 hablar del \u00e1rbitro aunque indic\u00f3 que en una final de una competici\u00f3n como esta no es habitual se\u00f1alar <strong>\u00abpenaltis de ese tipo\u00bb<\/strong>.<\/p>\n<p style=\"text-align: justify;\"><strong>\u00abNunca comento el arbitraje y no quiero perder el tiempo en eso. Solo una cosa, en una final de la Copa del Mundo no se pitan penaltis de ese tipo. Pero en cualquier caso quiero con esto desmerecer la victoria de Francia\u00bb<\/strong>, asumi\u00f3 el preparador de Croacia.<\/p>\n<p style=\"text-align: justify;\">El seleccionador croata irrumpi\u00f3 en la sala de prensa y felicit\u00f3 a Francia por su triunfo. <strong>\u00abQuiero felicitar a Francia por ser campe\u00f3n del mundo\u00bb<\/strong>, despu\u00e9s destac\u00f3 el buen nivel de su equipo al inicio del choque.<\/p>\n<p style=\"text-align: justify;\"><strong>\u00abEn los primeros treinta minutos jugamos bien, tuvimos el control hasta que nos metimos el primer gol en propia puerta y luego vino el penalti. En una final de copa del mundo es un gol que marca la situaci\u00f3n\u00bb<\/strong>, resumi\u00f3.<\/p>\n<p style=\"text-align: justify;\"><strong>\u00abEstamos tristes pero orgullosos. Hemos hecho un buen partido. Despu\u00e9s del penalti fue bastante dif\u00edcil para nosotros\u00bb<\/strong>, indic\u00f3 Dalic que lament\u00f3 que la impresi\u00f3n que tuvo es que el triunfo podr\u00eda haber sido para su equipo.<\/p>\n<p style=\"text-align: justify;\"><strong>\u00abAs\u00ed quedar\u00e1 reflejado. El f\u00fatbol por desgracia es as\u00ed. Francia no nos ha sorprendido en nada. Defendieron su ventaja y jugaron al contraataque. Tenemos dos aspectos de mala suerte. El autogol y un penalti de esa manera, con el VAR\u00bb<\/strong>, record\u00f3.<\/p>\n<p style=\"text-align: justify;\"><strong>\u00abEstamos tristes pero tenemos que estar orgullosos si analizamos toda la Copa del Mundo. Cuando vemos lo que hemos hecho es para estar felices. Es un deporte y es la vida\u00bb<\/strong>, a\u00f1adi\u00f3.<\/p>\n<p style=\"text-align: justify;\"><strong>\u00abDentro de un tiempo si todo va bien nos daremos cuenta de lo que realmente hemos hecho en Rusia. Y la gente en Croacia estar\u00e1 triste ahora, con dolor, pero eso dar\u00e1 paso al orgullo\u00bb<\/strong>, destac\u00f3.<\/p>\n<p style=\"text-align: justify;\"><strong>\u00abQuiero dar las gracias a los jugadores, hay que creer en ellos. Esto que logramos juntos fue fant\u00e1stico. Estamos tristes porque no somos campeones del mundo. Pero si antes nos ofrecen ser subcampeones, tiempo atr\u00e1s, nos hubiera parecido bien\u00bb<\/strong>, asumi\u00f3 Dalic, que no quiso pronunciarse sobre su futuro.<\/p>\n<p style=\"text-align: justify;\"><strong>\u00abAhora no es momento de hablar de eso. Cuando lleguemos a Croacia veremos como queda todo\u00bb<\/strong>, concluy\u00f3.<\/p>\n","protected":false},"excerpt":{"rendered":"<p>EFE &#8211; El seleccionador de Croacia, Zlatko Dalic, felicit\u00f3 a Francia por su \u00e9xito en Rusia 2018, realz\u00f3 el papel realizado por su equipo y rechaz\u00f3 hablar del \u00e1rbitro aunque indic\u00f3 que en una final de una competici\u00f3n como esta no es habitual se\u00f1alar \u00abpenaltis de ese tipo\u00bb. \u00abNunca comento el arbitraje y no quiero &#8230;<\/p>\n","protected":false},"author":3,"featured_media":37857,"comment_status":"closed","ping_status":"closed","sticky":false,"template":"","format":"standard","meta":{"footnotes":""},"categories":[752,36,1878],"tags":[773,205,985],"class_list":["post-37860","post","type-post","status-publish","format-standard","has-post-thumbnail","hentry","category-appgd","category-internacional","category-rusia-2018","tag-croacia","tag-francia","tag-rusia-2018"],"_links":{"self":[{"href":"http:\/\/gradadigital.com\/home\/wp-json\/wp\/v2\/posts\/37860","targetHints":{"allow":["GET"]}}],"collection":[{"href":"http:\/\/gradadigital.com\/home\/wp-json\/wp\/v2\/posts"}],"about":[{"href":"http:\/\/gradadigital.com\/home\/wp-json\/wp\/v2\/types\/post"}],"author":[{"embeddable":true,"href":"http:\/\/gradadigital.com\/home\/wp-json\/wp\/v2\/users\/3"}],"replies":[{"embeddable":true,"href":"http:\/\/gradadigital.com\/home\/wp-json\/wp\/v2\/comments?post=37860"}],"version-history":[{"count":1,"href":"http:\/\/gradadigital.com\/home\/wp-json\/wp\/v2\/posts\/37860\/revisions"}],"predecessor-version":[{"id":37861,"href":"http:\/\/gradadigital.com\/home\/wp-json\/wp\/v2\/posts\/37860\/revisions\/37861"}],"wp:featuredmedia":[{"embeddable":true,"href":"http:\/\/gradadigital.com\/home\/wp-json\/wp\/v2\/media\/37857"}],"wp:attachment":[{"href":"http:\/\/gradadigital.com\/home\/wp-json\/wp\/v2\/media?parent=37860"}],"wp:term":[{"taxonomy":"category","embeddable":true,"href":"http:\/\/gradadigital.com\/home\/wp-json\/wp\/v2\/categories?post=37860"},{"taxonomy":"post_tag","embeddable":true,"href":"http:\/\/gradadigital.com\/home\/wp-json\/wp\/v2\/tags?post=37860"}],"curies":[{"name":"wp","href":"https:\/\/api.w.org\/{rel}","templated":true}]}}