{"id":37705,"date":"2018-07-11T17:52:57","date_gmt":"2018-07-11T22:22:57","guid":{"rendered":"http:\/\/gradadigital.com\/home\/?p=37705"},"modified":"2018-07-13T10:37:08","modified_gmt":"2018-07-13T15:07:08","slug":"modric-este-es-el-mayor-exito-en-la-historia-del-deporte-croata","status":"publish","type":"post","link":"http:\/\/gradadigital.com\/home\/modric-este-es-el-mayor-exito-en-la-historia-del-deporte-croata\/","title":{"rendered":"Modric: \u00abEste es el mayor \u00e9xito en la historia del deporte croata\u00bb"},"content":{"rendered":"<p style=\"text-align: center;\"><img decoding=\"async\" src=\"http:\/\/gradadigital.com\/home\/wp-content\/uploads\/2018\/07\/modric_copa_mundial_rusia2018_11072018.jpg\" \/><\/p>\n<p style=\"text-align: justify;\"><strong>EFE &#8211;<\/strong> Luka Modric, capit\u00e1n de la selecci\u00f3n de Croacia, consider\u00f3 que la clasificaci\u00f3n por primera vez en la historia para una final de la Copa del Mundo tras derrotar a Inglaterra (2-1) , <strong>\u00abes el mayor \u00e9xito de la historia del deporte\u00bb<\/strong> de su pa\u00eds.<\/p>\n<p style=\"text-align: justify;\"><strong>\u00abPero no nos detendremos en esto\u00bb<\/strong>, advirti\u00f3 el centrocampista del Real Madrid, quien asegur\u00f3 que los jugadores pueden <strong>\u00abestar felices y orgullosos\u00bb<\/strong> por el logro alcanzado.<\/p>\n<p style=\"text-align: justify;\">Modric valor\u00f3 el hecho de que, el conjunto balc\u00e1nico supiera de nuevo revertir un resultado negativo, como le ocurri\u00f3 en los cuartos de final ante Rusia.<\/p>\n<p style=\"text-align: justify;\"><strong>\u00abCreamos las ocasiones y sab\u00edamos que pod\u00edamos conseguirlo. Ya hemos remontado dos veces despu\u00e9s de un marcador negativo\u00bb<\/strong>, se\u00f1al\u00f3 el mediocampista de Zadar, quien destac\u00f3 la <strong>\u00abconfianza\u00bb<\/strong> que tiene el equipo en sus posibilidades y la unidad existente en el grupo, algo que considera fundamental.<\/p>\n","protected":false},"excerpt":{"rendered":"<p>EFE &#8211; Luka Modric, capit\u00e1n de la selecci\u00f3n de Croacia, consider\u00f3 que la clasificaci\u00f3n por primera vez en la historia para una final de la Copa del Mundo tras derrotar a Inglaterra (2-1) , \u00abes el mayor \u00e9xito de la historia del deporte\u00bb de su pa\u00eds. \u00abPero no nos detendremos en esto\u00bb, advirti\u00f3 el centrocampista &#8230;<\/p>\n","protected":false},"author":3,"featured_media":37707,"comment_status":"closed","ping_status":"closed","sticky":false,"template":"","format":"standard","meta":{"footnotes":""},"categories":[752,36,1878],"tags":[773,131],"class_list":["post-37705","post","type-post","status-publish","format-standard","has-post-thumbnail","hentry","category-appgd","category-internacional","category-rusia-2018","tag-croacia","tag-inglaterra"],"_links":{"self":[{"href":"http:\/\/gradadigital.com\/home\/wp-json\/wp\/v2\/posts\/37705","targetHints":{"allow":["GET"]}}],"collection":[{"href":"http:\/\/gradadigital.com\/home\/wp-json\/wp\/v2\/posts"}],"about":[{"href":"http:\/\/gradadigital.com\/home\/wp-json\/wp\/v2\/types\/post"}],"author":[{"embeddable":true,"href":"http:\/\/gradadigital.com\/home\/wp-json\/wp\/v2\/users\/3"}],"replies":[{"embeddable":true,"href":"http:\/\/gradadigital.com\/home\/wp-json\/wp\/v2\/comments?post=37705"}],"version-history":[{"count":1,"href":"http:\/\/gradadigital.com\/home\/wp-json\/wp\/v2\/posts\/37705\/revisions"}],"predecessor-version":[{"id":37718,"href":"http:\/\/gradadigital.com\/home\/wp-json\/wp\/v2\/posts\/37705\/revisions\/37718"}],"wp:featuredmedia":[{"embeddable":true,"href":"http:\/\/gradadigital.com\/home\/wp-json\/wp\/v2\/media\/37707"}],"wp:attachment":[{"href":"http:\/\/gradadigital.com\/home\/wp-json\/wp\/v2\/media?parent=37705"}],"wp:term":[{"taxonomy":"category","embeddable":true,"href":"http:\/\/gradadigital.com\/home\/wp-json\/wp\/v2\/categories?post=37705"},{"taxonomy":"post_tag","embeddable":true,"href":"http:\/\/gradadigital.com\/home\/wp-json\/wp\/v2\/tags?post=37705"}],"curies":[{"name":"wp","href":"https:\/\/api.w.org\/{rel}","templated":true}]}}