{"id":37631,"date":"2018-07-11T13:16:32","date_gmt":"2018-07-11T17:46:32","guid":{"rendered":"http:\/\/gradadigital.com\/home\/?p=37631"},"modified":"2018-07-11T18:38:05","modified_gmt":"2018-07-11T23:08:05","slug":"dani-hernandez-para-todos-los-canarios-el-derbi-va-a-ser-especial","status":"publish","type":"post","link":"http:\/\/gradadigital.com\/home\/dani-hernandez-para-todos-los-canarios-el-derbi-va-a-ser-especial\/","title":{"rendered":"Dani Hern\u00e1ndez: \u00abPara todos los canarios el derbi va a ser especial\u00bb"},"content":{"rendered":"<p style=\"text-align: center;\"><img decoding=\"async\" src=\"http:\/\/gradadigital.com\/home\/wp-content\/uploads\/2016\/04\/dani_hernandez_tenerife_lugo_03042016.jpg\" \/><\/p>\n<p style=\"text-align: justify;\"><strong>EFE &#8211;<\/strong> El portero hispano-venezolano del CD Tenerife, Dani Hern\u00e1ndez, ha comentado hoy, en declaraciones a los medios de comunicaci\u00f3n durante la primera jornada de reconocimientos m\u00e9dicos, que son conscientes de que les espera una liga <strong>\u00abmuy igualada\u00bb<\/strong>, sobre todo teniendo en cuenta <strong>\u00ablos equipos que han descendido\u00bb<\/strong> a Segunda Divisi\u00f3n.<\/p>\n<p style=\"text-align: justify;\"><strong>\u00abPara todos los canarios, el derbi va a ser especial. Ser\u00e1n semanas diferentes, pero tenemos que centrarnos en hacer bien la pretemporada\u00bb<\/strong>, ha dicho sobre los encuentros ante la UD Las Palmas.<\/p>\n<p style=\"text-align: justify;\">Dani Hern\u00e1ndez ha recalcado que tienen <strong>\u00abun buen bloque del a\u00f1o pasado y el club har\u00e1 algunas incorporaciones\u00bb<\/strong>.<\/p>\n<p style=\"text-align: justify;\"><strong>\u00abCarlos Abad-Hern\u00e1ndez busca su propio futuro, le deseo lo mejor y que est\u00e9 contento\u00bb<\/strong>, ha dicho sobre el canterano.<\/p>\n<p style=\"text-align: justify;\">Mientras tanto, ha comentado que \u00c1ngel Galv\u00e1n <strong>\u00abtiene gran proyecci\u00f3n e hizo una temporada incre\u00edble en el filial\u00bb<\/strong>.<\/p>\n<p style=\"text-align: justify;\"><strong>\u00abLleva mucho tiempo trabajando bien. Ahora ha visto su trabajo recompensado y va a pelear mucho el puesto\u00bb<\/strong>, ha recalcado.<\/p>\n","protected":false},"excerpt":{"rendered":"<p>EFE &#8211; El portero hispano-venezolano del CD Tenerife, Dani Hern\u00e1ndez, ha comentado hoy, en declaraciones a los medios de comunicaci\u00f3n durante la primera jornada de reconocimientos m\u00e9dicos, que son conscientes de que les espera una liga \u00abmuy igualada\u00bb, sobre todo teniendo en cuenta \u00ablos equipos que han descendido\u00bb a Segunda Divisi\u00f3n. \u00abPara todos los canarios, &#8230;<\/p>\n","protected":false},"author":3,"featured_media":26730,"comment_status":"closed","ping_status":"closed","sticky":false,"template":"","format":"standard","meta":{"footnotes":""},"categories":[752,36,4],"tags":[955,1431],"class_list":["post-37631","post","type-post","status-publish","format-standard","has-post-thumbnail","hentry","category-appgd","category-internacional","category-legionarios","tag-dani-hernandez","tag-legionarios"],"_links":{"self":[{"href":"http:\/\/gradadigital.com\/home\/wp-json\/wp\/v2\/posts\/37631","targetHints":{"allow":["GET"]}}],"collection":[{"href":"http:\/\/gradadigital.com\/home\/wp-json\/wp\/v2\/posts"}],"about":[{"href":"http:\/\/gradadigital.com\/home\/wp-json\/wp\/v2\/types\/post"}],"author":[{"embeddable":true,"href":"http:\/\/gradadigital.com\/home\/wp-json\/wp\/v2\/users\/3"}],"replies":[{"embeddable":true,"href":"http:\/\/gradadigital.com\/home\/wp-json\/wp\/v2\/comments?post=37631"}],"version-history":[{"count":2,"href":"http:\/\/gradadigital.com\/home\/wp-json\/wp\/v2\/posts\/37631\/revisions"}],"predecessor-version":[{"id":37635,"href":"http:\/\/gradadigital.com\/home\/wp-json\/wp\/v2\/posts\/37631\/revisions\/37635"}],"wp:featuredmedia":[{"embeddable":true,"href":"http:\/\/gradadigital.com\/home\/wp-json\/wp\/v2\/media\/26730"}],"wp:attachment":[{"href":"http:\/\/gradadigital.com\/home\/wp-json\/wp\/v2\/media?parent=37631"}],"wp:term":[{"taxonomy":"category","embeddable":true,"href":"http:\/\/gradadigital.com\/home\/wp-json\/wp\/v2\/categories?post=37631"},{"taxonomy":"post_tag","embeddable":true,"href":"http:\/\/gradadigital.com\/home\/wp-json\/wp\/v2\/tags?post=37631"}],"curies":[{"name":"wp","href":"https:\/\/api.w.org\/{rel}","templated":true}]}}