{"id":37452,"date":"2018-07-06T14:56:35","date_gmt":"2018-07-06T19:26:35","guid":{"rendered":"http:\/\/gradadigital.com\/home\/?p=37452"},"modified":"2018-07-06T18:04:41","modified_gmt":"2018-07-06T22:34:41","slug":"suarez-la-baja-de-cavani-ha-sido-esencial-para-uruguay","status":"publish","type":"post","link":"http:\/\/gradadigital.com\/home\/suarez-la-baja-de-cavani-ha-sido-esencial-para-uruguay\/","title":{"rendered":"Su\u00e1rez: \u00abLa baja de Cavani ha sido esencial para Uruguay\u00bb"},"content":{"rendered":"<p style=\"text-align: center;\"><img decoding=\"async\" src=\"http:\/\/gradadigital.com\/home\/wp-content\/uploads\/2018\/07\/cavani_suarez_copa_mundial_rusia2018_06072018.jpg\" \/><\/p>\n<p style=\"text-align: justify;\"><strong>EFE &#8211;<\/strong> Luis Su\u00e1rez, delantero de la selecci\u00f3n uruguaya, declar\u00f3 este viernes, despu\u00e9s de ser eliminado del Mundial por Francia en cuartos de final, que la baja de su compa\u00f1ero Edinson Cavani fue esencial.<\/p>\n<p style=\"text-align: justify;\">El ariete del Par\u00eds Saint-Germain no pudo jugar por una lesi\u00f3n en su gemelo izquierdo sufrida en el partido de octavos de final ante Portugal. Su compa\u00f1ero en la l\u00ednea de ataque reconoci\u00f3 que su ausencia fue importante.<\/p>\n<p style=\"text-align: justify;\"><strong>\u00abLa baja Cavani ha sido esencial para nosotros por la clase de jugador que es. Ven\u00eda de hacer dos goles, pero que los que jugaron por \u00e9l lo hicieron de la mejor manera y dieron lo m\u00e1ximo por el equipo. Pero no es una excusa\u00bb<\/strong>, declar\u00f3.<\/p>\n<p style=\"text-align: justify;\">Adem\u00e1s, tambi\u00e9n habl\u00f3 sobre \u00d3scar Washington Tab\u00e1rez y su posible continuidad despu\u00e9s de que acabara contrato con la selecci\u00f3n de Uruguay tras el Mundial.<\/p>\n<p style=\"text-align: justify;\"><strong>\u00abTodo el mundo sabe lo que significa el Maestro para la selecci\u00f3n y para Uruguay. Por todo el proceso que ha hecho y por todo el respeto que se ha ganado. Creo que lo que hay que hacer es valorar el trabajo del Maestro hasta hoy y espero buenas noticias\u00bb<\/strong>, coment\u00f3.<\/p>\n<p style=\"text-align: justify;\">Sobre el encuentro contra Francia, explic\u00f3 que Uruguay lo perdi\u00f3 por <strong>\u00abdetalles\u00bb<\/strong> y narr\u00f3 los momentos clave del encuentro:<\/p>\n<p style=\"text-align: justify;\"><strong>\u00abEl primer gol llega de una falta con una perdida de bal\u00f3n de nosotros. Nos hicieron un gol en una distracci\u00f3n, el otro d\u00eda de un c\u00f3rner, hoy despu\u00e9s de una pelota que perdemos. Hasta ah\u00ed, el partido estaba siendo parejo. El segundo tiempo intentamos arreglarlo y lleg\u00f3 el segundo gol\u00bb<\/strong>, apunt\u00f3.<\/p>\n<p style=\"text-align: justify;\">Por \u00faltimo, hizo una valoraci\u00f3n del Mundial de Uruguay: <strong>\u00abSiempre damos lo m\u00e1ximo, tratamos de hacerlo lo mejor posible. Se puede decir que se puede dar un poco m\u00e1s, pero siempre damos el m\u00e1ximo. Despu\u00e9s te puede salir un partido malo o bueno, pero lo hemos dado todo\u00bb<\/strong>, coment\u00f3.<\/p>\n<p style=\"text-align: justify;\"><strong>\u00abSatisfechos por la entrega, por el esfuerzo y por el orgullo que demostr\u00f3 el equipo hasta hoy. Hemos estado entre las ocho mejores del mundo. Se han ido grandes selecciones y hemos tenido el privilegio de irnos entre los ocho. Hay que valorar el esfuerzo y el sacrificio, que es importante\u00bb<\/strong>, concluy\u00f3.<\/p>\n","protected":false},"excerpt":{"rendered":"<p>EFE &#8211; Luis Su\u00e1rez, delantero de la selecci\u00f3n uruguaya, declar\u00f3 este viernes, despu\u00e9s de ser eliminado del Mundial por Francia en cuartos de final, que la baja de su compa\u00f1ero Edinson Cavani fue esencial. El ariete del Par\u00eds Saint-Germain no pudo jugar por una lesi\u00f3n en su gemelo izquierdo sufrida en el partido de octavos &#8230;<\/p>\n","protected":false},"author":3,"featured_media":37453,"comment_status":"closed","ping_status":"closed","sticky":false,"template":"","format":"standard","meta":{"footnotes":""},"categories":[752,36,1878],"tags":[205,301],"class_list":["post-37452","post","type-post","status-publish","format-standard","has-post-thumbnail","hentry","category-appgd","category-internacional","category-rusia-2018","tag-francia","tag-uruguay"],"_links":{"self":[{"href":"http:\/\/gradadigital.com\/home\/wp-json\/wp\/v2\/posts\/37452","targetHints":{"allow":["GET"]}}],"collection":[{"href":"http:\/\/gradadigital.com\/home\/wp-json\/wp\/v2\/posts"}],"about":[{"href":"http:\/\/gradadigital.com\/home\/wp-json\/wp\/v2\/types\/post"}],"author":[{"embeddable":true,"href":"http:\/\/gradadigital.com\/home\/wp-json\/wp\/v2\/users\/3"}],"replies":[{"embeddable":true,"href":"http:\/\/gradadigital.com\/home\/wp-json\/wp\/v2\/comments?post=37452"}],"version-history":[{"count":1,"href":"http:\/\/gradadigital.com\/home\/wp-json\/wp\/v2\/posts\/37452\/revisions"}],"predecessor-version":[{"id":37454,"href":"http:\/\/gradadigital.com\/home\/wp-json\/wp\/v2\/posts\/37452\/revisions\/37454"}],"wp:featuredmedia":[{"embeddable":true,"href":"http:\/\/gradadigital.com\/home\/wp-json\/wp\/v2\/media\/37453"}],"wp:attachment":[{"href":"http:\/\/gradadigital.com\/home\/wp-json\/wp\/v2\/media?parent=37452"}],"wp:term":[{"taxonomy":"category","embeddable":true,"href":"http:\/\/gradadigital.com\/home\/wp-json\/wp\/v2\/categories?post=37452"},{"taxonomy":"post_tag","embeddable":true,"href":"http:\/\/gradadigital.com\/home\/wp-json\/wp\/v2\/tags?post=37452"}],"curies":[{"name":"wp","href":"https:\/\/api.w.org\/{rel}","templated":true}]}}