{"id":37447,"date":"2018-07-06T14:40:59","date_gmt":"2018-07-06T19:10:59","guid":{"rendered":"http:\/\/gradadigital.com\/home\/?p=37447"},"modified":"2018-07-06T17:47:17","modified_gmt":"2018-07-06T22:17:17","slug":"varane-griezmann-la-puso-perfecta-como-le-dije","status":"publish","type":"post","link":"http:\/\/gradadigital.com\/home\/varane-griezmann-la-puso-perfecta-como-le-dije\/","title":{"rendered":"Varane: \u00abGriezmann la puso perfecta, como le dije\u00bb"},"content":{"rendered":"<p style=\"text-align: center;\"><img decoding=\"async\" src=\"http:\/\/gradadigital.com\/home\/wp-content\/uploads\/2018\/07\/varane_griezmann_copa_mundial_rusia2018_06072018.jpg\" \/><\/p>\n<p style=\"text-align: justify;\"><strong>EFE &#8211;<\/strong> El defensa de Francia, Raphael Varane, autor del primer gol de su selecci\u00f3n en el partido de cuartos de final ante Uruguay, destac\u00f3 que Antoine Griezmann <strong>\u00abla puso perfecta\u00bb<\/strong>, para que pudiese rematar de cabeza.<\/p>\n<p style=\"text-align: justify;\"><strong>\u00abGriezmann bot\u00f3 perfectamente la falta, tal y como le ped\u00ed justo antes de sacarla. Es magn\u00edfico marcar en cuartos de final. Es una sensaci\u00f3n dif\u00edcil de describir\u00bb<\/strong>, dijo.<\/p>\n<p style=\"text-align: justify;\">Tras a\u00f1o y medio sin meter un gol y tres a\u00f1os sin marcar un gol con Francia, Varane consigui\u00f3 un tanto <strong>\u00aben un momento clave\u00bb<\/strong>.<\/p>\n<p style=\"text-align: justify;\"><strong>\u00abMe dec\u00eda que iba a venir en un gran momento y ha llegado en cuartos de final, pues mejor, pero no hay que bajar los brazos\u00bb<\/strong>, apunt\u00f3.<\/p>\n<p style=\"text-align: justify;\">Cuatro a\u00f1os despu\u00e9s de la derrota con Alemania, cuando Varane no pudo defender a Mats Hummels en el \u00fanico gol del partido, el central &#8216;bleus&#8217; dijo: <strong>\u00abAquel error es parte de mi carrera y ahora es un momento feliz\u00bb<\/strong>.<\/p>\n<p style=\"text-align: justify;\">Termin\u00f3 la entrevista con FIFA TV con un mensaje: <strong>\u00abHemos venido a por la copa\u00bb<\/strong>.<\/p>\n","protected":false},"excerpt":{"rendered":"<p>EFE &#8211; El defensa de Francia, Raphael Varane, autor del primer gol de su selecci\u00f3n en el partido de cuartos de final ante Uruguay, destac\u00f3 que Antoine Griezmann \u00abla puso perfecta\u00bb, para que pudiese rematar de cabeza. \u00abGriezmann bot\u00f3 perfectamente la falta, tal y como le ped\u00ed justo antes de sacarla. Es magn\u00edfico marcar en &#8230;<\/p>\n","protected":false},"author":3,"featured_media":37445,"comment_status":"closed","ping_status":"closed","sticky":false,"template":"","format":"standard","meta":{"footnotes":""},"categories":[752,36,1878],"tags":[205,2166,301,2165],"class_list":["post-37447","post","type-post","status-publish","format-standard","has-post-thumbnail","hentry","category-appgd","category-internacional","category-rusia-2018","tag-francia","tag-raphael-varane","tag-uruguay","tag-varane"],"_links":{"self":[{"href":"http:\/\/gradadigital.com\/home\/wp-json\/wp\/v2\/posts\/37447","targetHints":{"allow":["GET"]}}],"collection":[{"href":"http:\/\/gradadigital.com\/home\/wp-json\/wp\/v2\/posts"}],"about":[{"href":"http:\/\/gradadigital.com\/home\/wp-json\/wp\/v2\/types\/post"}],"author":[{"embeddable":true,"href":"http:\/\/gradadigital.com\/home\/wp-json\/wp\/v2\/users\/3"}],"replies":[{"embeddable":true,"href":"http:\/\/gradadigital.com\/home\/wp-json\/wp\/v2\/comments?post=37447"}],"version-history":[{"count":3,"href":"http:\/\/gradadigital.com\/home\/wp-json\/wp\/v2\/posts\/37447\/revisions"}],"predecessor-version":[{"id":37450,"href":"http:\/\/gradadigital.com\/home\/wp-json\/wp\/v2\/posts\/37447\/revisions\/37450"}],"wp:featuredmedia":[{"embeddable":true,"href":"http:\/\/gradadigital.com\/home\/wp-json\/wp\/v2\/media\/37445"}],"wp:attachment":[{"href":"http:\/\/gradadigital.com\/home\/wp-json\/wp\/v2\/media?parent=37447"}],"wp:term":[{"taxonomy":"category","embeddable":true,"href":"http:\/\/gradadigital.com\/home\/wp-json\/wp\/v2\/categories?post=37447"},{"taxonomy":"post_tag","embeddable":true,"href":"http:\/\/gradadigital.com\/home\/wp-json\/wp\/v2\/tags?post=37447"}],"curies":[{"name":"wp","href":"https:\/\/api.w.org\/{rel}","templated":true}]}}