{"id":37263,"date":"2018-06-30T14:04:59","date_gmt":"2018-06-30T18:34:59","guid":{"rendered":"http:\/\/gradadigital.com\/home\/?p=37263"},"modified":"2018-06-30T22:07:18","modified_gmt":"2018-07-01T02:37:18","slug":"matuidi-se-perdera-el-partido-de-cuartos-por-acumulacion-de-amonestaciones","status":"publish","type":"post","link":"http:\/\/gradadigital.com\/home\/matuidi-se-perdera-el-partido-de-cuartos-por-acumulacion-de-amonestaciones\/","title":{"rendered":"Matuidi se perder\u00e1 el partido de cuartos por acumulaci\u00f3n de amonestaciones"},"content":{"rendered":"<p style=\"text-align: center;\"><img decoding=\"async\" src=\"http:\/\/gradadigital.com\/home\/wp-content\/uploads\/2018\/06\/matuidi_copa_mundial_rusia2018_30062018.jpg\" \/><\/p>\n<p style=\"text-align: justify;\"><strong>EFE &#8211;<\/strong> El centrocampista franc\u00e9s Blaise Matuidi se perder\u00e1 el partido de cuartos de final del Mundial de Rusia 2018 contra el ganador del duelo entre Uruguay y Portugal por acumulaci\u00f3n de amonestaciones.<\/p>\n<p style=\"text-align: justify;\">Matuidi vio la amarilla en el minuto 72 y sum\u00f3 su segunda amonestaci\u00f3n en la Copa del Mundo, por lo que no estar\u00e1 en el siguiente partido.<\/p>\n<p style=\"text-align: justify;\">Corentin Tolisso, que ingres\u00f3 hoy por el futbolista de la Juventus en el segundo tiempo, apunta a titular en el duelo del pr\u00f3ximo 6 de julio en Nizhny Novgorod con el ganador de la llave de octavos de final entre Uruguay y Portugal.<\/p>\n","protected":false},"excerpt":{"rendered":"<p>EFE &#8211; El centrocampista franc\u00e9s Blaise Matuidi se perder\u00e1 el partido de cuartos de final del Mundial de Rusia 2018 contra el ganador del duelo entre Uruguay y Portugal por acumulaci\u00f3n de amonestaciones. Matuidi vio la amarilla en el minuto 72 y sum\u00f3 su segunda amonestaci\u00f3n en la Copa del Mundo, por lo que no &#8230;<\/p>\n","protected":false},"author":3,"featured_media":37271,"comment_status":"closed","ping_status":"closed","sticky":false,"template":"","format":"standard","meta":{"footnotes":""},"categories":[752,36,1878],"tags":[186,205],"class_list":["post-37263","post","type-post","status-publish","format-standard","has-post-thumbnail","hentry","category-appgd","category-internacional","category-rusia-2018","tag-argentina","tag-francia"],"_links":{"self":[{"href":"http:\/\/gradadigital.com\/home\/wp-json\/wp\/v2\/posts\/37263","targetHints":{"allow":["GET"]}}],"collection":[{"href":"http:\/\/gradadigital.com\/home\/wp-json\/wp\/v2\/posts"}],"about":[{"href":"http:\/\/gradadigital.com\/home\/wp-json\/wp\/v2\/types\/post"}],"author":[{"embeddable":true,"href":"http:\/\/gradadigital.com\/home\/wp-json\/wp\/v2\/users\/3"}],"replies":[{"embeddable":true,"href":"http:\/\/gradadigital.com\/home\/wp-json\/wp\/v2\/comments?post=37263"}],"version-history":[{"count":2,"href":"http:\/\/gradadigital.com\/home\/wp-json\/wp\/v2\/posts\/37263\/revisions"}],"predecessor-version":[{"id":37288,"href":"http:\/\/gradadigital.com\/home\/wp-json\/wp\/v2\/posts\/37263\/revisions\/37288"}],"wp:featuredmedia":[{"embeddable":true,"href":"http:\/\/gradadigital.com\/home\/wp-json\/wp\/v2\/media\/37271"}],"wp:attachment":[{"href":"http:\/\/gradadigital.com\/home\/wp-json\/wp\/v2\/media?parent=37263"}],"wp:term":[{"taxonomy":"category","embeddable":true,"href":"http:\/\/gradadigital.com\/home\/wp-json\/wp\/v2\/categories?post=37263"},{"taxonomy":"post_tag","embeddable":true,"href":"http:\/\/gradadigital.com\/home\/wp-json\/wp\/v2\/tags?post=37263"}],"curies":[{"name":"wp","href":"https:\/\/api.w.org\/{rel}","templated":true}]}}