{"id":37259,"date":"2018-06-30T15:09:12","date_gmt":"2018-06-30T19:39:12","guid":{"rendered":"http:\/\/gradadigital.com\/home\/?p=37259"},"modified":"2018-06-30T22:18:46","modified_gmt":"2018-07-01T02:48:46","slug":"ni-messi-ni-griezmann-la-estrella-fue-mbappe","status":"publish","type":"post","link":"http:\/\/gradadigital.com\/home\/ni-messi-ni-griezmann-la-estrella-fue-mbappe\/","title":{"rendered":"Ni Messi, ni Griezmann, la estrella fue Mbapp\u00e9"},"content":{"rendered":"<p style=\"text-align: center;\"><img decoding=\"async\" src=\"http:\/\/gradadigital.com\/home\/wp-content\/uploads\/2018\/06\/mbappe_copa_mundial_rusia2018_30062018.jpg\" \/><\/p>\n<p style=\"text-align: justify;\"><strong>Luis Miguel Pascual. EFE &#8211;<\/strong> Era el duelo entre Lionel Messi y Antoine Griezmann, dos estrellas consolidadas del planeta f\u00fatbol, pero el Francia-Argentina fue el partido de Kylian Mbapp\u00e9, el primer menor de 20 a\u00f1os que marc\u00f3 en la fase del KO en un Mundial desde Pel\u00e9.<\/p>\n<p style=\"text-align: justify;\">El d\u00eda que Messi se march\u00f3 por la puerta trasera de su cuarto Mundial, que Griezmann tuvo otra actuaci\u00f3n gris en su segundo, Mbapp\u00e9 emergi\u00f3 como una exhalaci\u00f3n en su primero, tocado por el signo de los grandes.<\/p>\n<p style=\"text-align: justify;\">El atacante del Par\u00eds Saint-Germain marc\u00f3 un doblete decisivo en el 4-3 frente a la &#8216;albiceleste&#8217; y rein\u00f3 entre la constelaci\u00f3n de estrellas que hab\u00eda en el terreno de juego, lo que le coloc\u00f3 en la \u00f3rbita de jugadores que han marcado la historia del f\u00fatbol.<\/p>\n<p style=\"text-align: justify;\">A sus 19 a\u00f1os y medio, volvi\u00f3 a demostrar que su eclosi\u00f3n no es ocasional y suma ya siete dianas con la camiseta &#8216;bleu&#8217; que ha vestido solo en 19 partidos.<\/p>\n<p style=\"text-align: justify;\"><strong>\u00abCuando un jugador as\u00ed tiene una tarde como la de hoy es dif\u00edcil de parar\u00bb<\/strong>, reconoci\u00f3 el seleccionador Argentino, Jorge Sampaoli, que no dud\u00f3 en admitir que sus carreras, veloces, pusieron en jaque a su defensa.<\/p>\n<p style=\"text-align: justify;\">Ya hab\u00eda sido decisivo en el partido contra Per\u00fa, quiz\u00e1 el test m\u00e1s dif\u00edcil que se hab\u00eda encontrado Francia en Rusia, resuelto con un tanto del atacante que les dio el pase matem\u00e1tico a octavos de final.<\/p>\n<p style=\"text-align: justify;\">Frente a Argentina fue tambi\u00e9n letal. Provoc\u00f3 el penalti que permiti\u00f3 a Griezmann abrir el marcador -es su segundo gol en Rusia y ambos de pena m\u00e1xima- y cuando el partido aparec\u00eda equilibrado despu\u00e9s de que su compa\u00f1ero Benjamin Pavard lo igualara, marc\u00f3 la diferencia con dos tantos llenos de clase.<\/p>\n<p style=\"text-align: justify;\">Pero m\u00e1s all\u00e1 de los tantos, fue una amenaza constante a la zaga argentina, mortificada con sus carreras plenas de velocidad y potencia que, una y otra vez, les pusieron en jaque.<\/p>\n<p style=\"text-align: justify;\">El seleccionador galo, Didier Deschamps, que en alguna ocasi\u00f3n le ha pedido que se sacrifique m\u00e1s por la defensa, se deshizo hoy en elogios a su precoz estrella.<\/p>\n<p style=\"text-align: justify;\"><strong>\u00abAdora el f\u00fatbol, lo conoce todo. Estoy contento de que sea franc\u00e9s. Tiene mucho margen de progresi\u00f3n, pero en un partido tan importante ha mostrado todo su talento. Y aunque ha tenido que defender, eso no le ha impedido atacar y hacerlo muy bien\u00bb<\/strong>, se\u00f1al\u00f3.<\/p>\n<p style=\"text-align: justify;\">Enseguida, el jugador comenz\u00f3 a ser comparado con estrellas del olimpo. La m\u00e1s clara, con Pel\u00e9, a quien igual\u00f3 como doble goleador de menos de 20 a\u00f1os en partidos a eliminaci\u00f3n directa, algo que &#8216;O Rei&#8217; hizo en la final del mundial de 1958 contra la anfitriona Suecia.<\/p>\n<p style=\"text-align: justify;\"><strong>\u00abEs halagador, pero hay que poner las cosas en contexto. Pel\u00e9 es otra categor\u00eda, pero estoy contento de entrar en la lista de jugadores que han marcado dos tantos en este tipo de partidos\u00bb<\/strong>, se\u00f1al\u00f3.<\/p>\n<p style=\"text-align: justify;\">Adem\u00e1s, se convirti\u00f3 en el jugador m\u00e1s joven en lograr un doblete desde que lo hiciera Michael Owen en 1998 con 18 a\u00f1os y medio.<\/p>\n<p style=\"text-align: justify;\">Fue el a\u00f1o que naci\u00f3 Mbapp\u00e9, el mismo en el que Francia, que ahora le adula, gan\u00f3 su \u00fanico Mundial, en una final en la que se midieron a Brasil, donde jugaba Ronaldo Nazario de Lima, otro jugador con el que le comparan.<\/p>\n<p style=\"text-align: justify;\"><strong>\u00abNo es el mismo tipo de jugador, Ronaldo jugaba por el centro y era capaz de enormes aceleraciones con el bal\u00f3n en el pie. Kylian corre m\u00e1s deprisa, necesita m\u00e1s espacios. Aunque puede jugar de 9, suele ir m\u00e1s a la banda. Estamos comparando a un campe\u00f3n del mundo con un jugador lleno de calidad pero de 19 a\u00f1os. Va a progresar mucho\u00bb<\/strong>, asegur\u00f3 Deschamps.<\/p>\n<p style=\"text-align: justify;\"><strong>\u00abCreo que la gente se acuerda m\u00e1s de la victoria de Francia que de mi nacimiento\u00bb<\/strong>, brome\u00f3 el futbolista, encantado de haber podido brillar <strong>\u00aben un Mundial, donde est\u00e1n todos los grandes, el mejor lugar donde puedes mostrar tus cualidades\u00bb<\/strong>.<\/p>\n<p style=\"text-align: justify;\">Mbapp\u00e9 tiene ya cuatro tantos en su casillero, algo que con menos de 20 a\u00f1os solo han logrado dos futbolistas, el propio Pel\u00e9, que ten\u00eda ya 6 cuando se convirti\u00f3 en veintea\u00f1ero y el alem\u00e1n Edmund Conen, que los cumpli\u00f3 con 4.<\/p>\n","protected":false},"excerpt":{"rendered":"<p>Luis Miguel Pascual. EFE &#8211; Era el duelo entre Lionel Messi y Antoine Griezmann, dos estrellas consolidadas del planeta f\u00fatbol, pero el Francia-Argentina fue el partido de Kylian Mbapp\u00e9, el primer menor de 20 a\u00f1os que marc\u00f3 en la fase del KO en un Mundial desde Pel\u00e9. El d\u00eda que Messi se march\u00f3 por la &#8230;<\/p>\n","protected":false},"author":3,"featured_media":37272,"comment_status":"closed","ping_status":"closed","sticky":false,"template":"","format":"standard","meta":{"footnotes":""},"categories":[752,36,1878],"tags":[186,205],"class_list":["post-37259","post","type-post","status-publish","format-standard","has-post-thumbnail","hentry","category-appgd","category-internacional","category-rusia-2018","tag-argentina","tag-francia"],"_links":{"self":[{"href":"http:\/\/gradadigital.com\/home\/wp-json\/wp\/v2\/posts\/37259","targetHints":{"allow":["GET"]}}],"collection":[{"href":"http:\/\/gradadigital.com\/home\/wp-json\/wp\/v2\/posts"}],"about":[{"href":"http:\/\/gradadigital.com\/home\/wp-json\/wp\/v2\/types\/post"}],"author":[{"embeddable":true,"href":"http:\/\/gradadigital.com\/home\/wp-json\/wp\/v2\/users\/3"}],"replies":[{"embeddable":true,"href":"http:\/\/gradadigital.com\/home\/wp-json\/wp\/v2\/comments?post=37259"}],"version-history":[{"count":2,"href":"http:\/\/gradadigital.com\/home\/wp-json\/wp\/v2\/posts\/37259\/revisions"}],"predecessor-version":[{"id":37292,"href":"http:\/\/gradadigital.com\/home\/wp-json\/wp\/v2\/posts\/37259\/revisions\/37292"}],"wp:featuredmedia":[{"embeddable":true,"href":"http:\/\/gradadigital.com\/home\/wp-json\/wp\/v2\/media\/37272"}],"wp:attachment":[{"href":"http:\/\/gradadigital.com\/home\/wp-json\/wp\/v2\/media?parent=37259"}],"wp:term":[{"taxonomy":"category","embeddable":true,"href":"http:\/\/gradadigital.com\/home\/wp-json\/wp\/v2\/categories?post=37259"},{"taxonomy":"post_tag","embeddable":true,"href":"http:\/\/gradadigital.com\/home\/wp-json\/wp\/v2\/tags?post=37259"}],"curies":[{"name":"wp","href":"https:\/\/api.w.org\/{rel}","templated":true}]}}