{"id":37115,"date":"2018-06-26T18:09:12","date_gmt":"2018-06-26T22:39:12","guid":{"rendered":"http:\/\/gradadigital.com\/home\/?p=37115"},"modified":"2018-06-27T08:23:31","modified_gmt":"2018-06-27T12:53:31","slug":"rojo-el-heroe-inesperado-que-tenia-una-corazonada","status":"publish","type":"post","link":"http:\/\/gradadigital.com\/home\/rojo-el-heroe-inesperado-que-tenia-una-corazonada\/","title":{"rendered":"Rojo, el h\u00e9roe inesperado que ten\u00eda una corazonada"},"content":{"rendered":"<p style=\"text-align: center;\"><img decoding=\"async\" src=\"http:\/\/gradadigital.com\/home\/wp-content\/uploads\/2018\/06\/marcos_rojo_argentina_copa_mundial_rusia2018_26062018_1.jpg\" \/><\/p>\n<p style=\"text-align: justify;\"><strong>Miguel \u00c1ngel Moreno. EFE &#8211;<\/strong> Marcos Rojo ten\u00eda una corazonada. El defensor argentino ten\u00eda claro que iba a marcar en el partido contra Nigeria y as\u00ed se lo dijo a varios de sus compa\u00f1eros, su premonici\u00f3n fue vital para llevar a los octavos a una Argentina que vivi\u00f3 en el alambre hasta su tanto en el minuto 86.<\/p>\n<p style=\"text-align: justify;\"><strong>\u00abSe lo dije a \u00c9ver (Banega) y Ota (Nicol\u00e1s Otamendi). Sab\u00eda que la iba a meter. Las cosas no estaban saliendo. Los jugadores se merecen m\u00e1s que nadie esto. Esto reci\u00e9n comienza\u00bb<\/strong>, manifest\u00f3 el defensor del Manchester United ingl\u00e9s tras el 1-2 contra Nigeria que clasific\u00f3 a Argentina, gracias tambi\u00e9n a la victoria de Croacia sobre Islandia (1-2).<\/p>\n<p style=\"text-align: justify;\">Con Argentina virtualmente eliminada por el empate anotado por Victor Moses de penalti cometido por Javier Mascherano sobre el defensor nigeriano Leon Balogun, la Albiceleste estaba volcada, pero sin profundidad, y las pocas ocasiones claras, como la que tuvo Gonzalo Higua\u00edn en torno al minuto 70, eran marradas.<\/p>\n<p style=\"text-align: justify;\">Tuvo que ser a trav\u00e9s de una combinaci\u00f3n extra\u00f1a, el pase de un lateral y el remate de un central, como lleg\u00f3 el tanto salvador: una asistencia de Cristian Pav\u00f3n para Gabriel Mercado, que centr\u00f3 libre de marca desde la derecha, y la entrada de Rojo, ubicado como un delantero m\u00e1s para empalmar el bal\u00f3n al fondo de la porter\u00eda.<\/p>\n<p style=\"text-align: justify;\"><strong>\u00abEso es el convencimiento de cada uno. Si uno est\u00e1 convencido y est\u00e1 fuerte de la cabeza, va y lo hace. \u00c9l tuvo la oportunidad y no lo desaprovech\u00f3, feliz por el gol y la clasificaci\u00f3n\u00bb<\/strong>, manifest\u00f3 a EFE tras el partido su compa\u00f1ero Maximiliano Meza.<\/p>\n<p style=\"text-align: justify;\">Su pareja en la zaga Nicol\u00e1s Otamendi a\u00fan no se lo explicaba tras el encuentro: <b>\u00abLe pregunt\u00e9 tras el partido, \u00bfqu\u00e9 hac\u00edas ah\u00ed? Me dijo &#8216;no s\u00e9, ten\u00eda que estar ah\u00ed\u00a0en ese momento&#8217;, y meti\u00f3 el gol. Feliz por \u00e9l porque es mi amigo y siempre trata de ser positivo\u00bb<\/b>, se\u00f1al\u00f3 en la zona mixta del Saint Petersburg Stadium.<\/p>\n<p style=\"text-align: justify;\"><strong>\u00ab\u00a1Lo adivin\u00f3!\u00bb<\/strong>, brome\u00f3 un sonriente Gonzalo Higua\u00edn a pregunta de EFE, que calific\u00f3 el tanto como <strong>\u00abuna alegr\u00eda inmensa, un desahogo\u00bb<\/strong> para un equipo que en su opini\u00f3n <strong>\u00aben todo momento\u00bb<\/strong> mereci\u00f3 el pase a octavos.<\/p>\n<p style=\"text-align: justify;\">El gol de Rojo es el premio para un futbolista que no ha vivido una etapa f\u00e1cil en los \u00faltimos tiempos. Fijo para Alejandro Sabella en la selecci\u00f3n que lleg\u00f3 a la final del pasado Mundial de Brasil 2014, tras su buen torneo fue firmado por el Manchester United ingl\u00e9s al Sporting de Portugal, su anterior club.<\/p>\n<p style=\"text-align: justify;\">En su primer curso disput\u00f3 22 partidos de la Premier League, cuatro en la Liga de Campeones y tres en la Liga Europa, guarismos similares en la siguiente campa\u00f1a.<\/p>\n<p style=\"text-align: justify;\">Con la llegada del portugu\u00e9s Jos\u00e9 Mourinho en la campa\u00f1a 2016-17 mejor\u00f3 algo su participaci\u00f3n y form\u00f3 parte activa del equipo que se proclam\u00f3 campe\u00f3n de la Liga Europa, aunque no pudo llegar a la final por una grave lesi\u00f3n en la rodilla izquierda en la vuelta de los cuartos de final contra el Anderlecht belga.<\/p>\n<p style=\"text-align: justify;\">Siete meses despu\u00e9s, el zaguero de La Plata volvi\u00f3 a jugar. Fue en un partido del equipo sub-23 del Manchester United en Huddersfield (Inglaterra) contra un conjunto de futbolistas de la cantera del Athletic Club de Bilbao espa\u00f1ol.<\/p>\n<p style=\"text-align: justify;\">En una temporada complicada en la que le cost\u00f3 coger la forma f\u00edsica, apenas doce partidos oficiales se acumulaban en su hoja de servicios con su club antes de venir al Mundial de Rusia 2018.<\/p>\n<p style=\"text-align: justify;\">El United le demostr\u00f3 su confianza prolongando su contrato hasta 2021 con opci\u00f3n a una temporada m\u00e1s, y Jorge Sampaoli tambi\u00e9n le aguant\u00f3, como parte de los &#8216;hist\u00f3ricos&#8217; que han disputado las tres finales del \u00faltimo tiempo de la albiceleste: la del Mundial 2014 y las Copas Am\u00e9rica 2015 y 2016.<\/p>\n<p style=\"text-align: justify;\">Rojo, el zaguero de La Plata que sab\u00eda que ayer era su d\u00eda, respondi\u00f3 a la confianza con un gol de oro que salv\u00f3 a Argentina del desastre y advirti\u00f3: <strong>\u00abAhora comienza la Copa para nosotros\u00bb<\/strong>. Francia espera, el 30 de junio en Kazan.<\/p>\n","protected":false},"excerpt":{"rendered":"<p>Miguel \u00c1ngel Moreno. EFE &#8211; Marcos Rojo ten\u00eda una corazonada. El defensor argentino ten\u00eda claro que iba a marcar en el partido contra Nigeria y as\u00ed se lo dijo a varios de sus compa\u00f1eros, su premonici\u00f3n fue vital para llevar a los octavos a una Argentina que vivi\u00f3 en el alambre hasta su tanto en &#8230;<\/p>\n","protected":false},"author":3,"featured_media":37067,"comment_status":"closed","ping_status":"closed","sticky":false,"template":"","format":"standard","meta":{"footnotes":""},"categories":[752,36,1878],"tags":[186,2156,278],"class_list":["post-37115","post","type-post","status-publish","format-standard","has-post-thumbnail","hentry","category-appgd","category-internacional","category-rusia-2018","tag-argentina","tag-nigeria","tag-rojo"],"_links":{"self":[{"href":"http:\/\/gradadigital.com\/home\/wp-json\/wp\/v2\/posts\/37115","targetHints":{"allow":["GET"]}}],"collection":[{"href":"http:\/\/gradadigital.com\/home\/wp-json\/wp\/v2\/posts"}],"about":[{"href":"http:\/\/gradadigital.com\/home\/wp-json\/wp\/v2\/types\/post"}],"author":[{"embeddable":true,"href":"http:\/\/gradadigital.com\/home\/wp-json\/wp\/v2\/users\/3"}],"replies":[{"embeddable":true,"href":"http:\/\/gradadigital.com\/home\/wp-json\/wp\/v2\/comments?post=37115"}],"version-history":[{"count":1,"href":"http:\/\/gradadigital.com\/home\/wp-json\/wp\/v2\/posts\/37115\/revisions"}],"predecessor-version":[{"id":37116,"href":"http:\/\/gradadigital.com\/home\/wp-json\/wp\/v2\/posts\/37115\/revisions\/37116"}],"wp:featuredmedia":[{"embeddable":true,"href":"http:\/\/gradadigital.com\/home\/wp-json\/wp\/v2\/media\/37067"}],"wp:attachment":[{"href":"http:\/\/gradadigital.com\/home\/wp-json\/wp\/v2\/media?parent=37115"}],"wp:term":[{"taxonomy":"category","embeddable":true,"href":"http:\/\/gradadigital.com\/home\/wp-json\/wp\/v2\/categories?post=37115"},{"taxonomy":"post_tag","embeddable":true,"href":"http:\/\/gradadigital.com\/home\/wp-json\/wp\/v2\/tags?post=37115"}],"curies":[{"name":"wp","href":"https:\/\/api.w.org\/{rel}","templated":true}]}}