{"id":37107,"date":"2018-06-26T17:50:20","date_gmt":"2018-06-26T22:20:20","guid":{"rendered":"http:\/\/gradadigital.com\/home\/?p=37107"},"modified":"2018-06-27T06:17:43","modified_gmt":"2018-06-27T10:47:43","slug":"higuain-despues-de-todo-lo-que-se-dijo-nos-mereciamos-esta-alegria","status":"publish","type":"post","link":"http:\/\/gradadigital.com\/home\/higuain-despues-de-todo-lo-que-se-dijo-nos-mereciamos-esta-alegria\/","title":{"rendered":"Higua\u00edn: \u00abDespu\u00e9s de todo lo que se dijo nos merec\u00edamos esta alegr\u00eda\u00bb"},"content":{"rendered":"<p style=\"text-align: center;\"><img decoding=\"async\" src=\"http:\/\/gradadigital.com\/home\/wp-content\/uploads\/2018\/06\/higuain_argentina_copa_mundial_rusia2018_26062018.jpg\" \/><\/p>\n<p style=\"text-align: justify;\"><strong>EFE &#8211;<\/strong> El delantero de la selecci\u00f3n argentina Gonzalo Higua\u00edn asegur\u00f3 tras la victoria contra Nigeria (1-2) que les mete en octavos de final del Mundial de Rusia 2018 que el equipo merec\u00eda <strong>\u00abesta alegr\u00eda de seguir en el Mundial\u00bb<\/strong> despu\u00e9s de los problemas y lo que se dijo de ellos.<\/p>\n<p style=\"text-align: justify;\"><strong>\u00abNo es que tengamos mochila, fue una felicidad inmensa, esta selecci\u00f3n, despu\u00e9s de todo lo que se dijo, nos merec\u00edamos esta alegr\u00eda de seguir en el Mundial\u00bb<\/strong>, manifest\u00f3 tras el encuentro.<\/p>\n<p style=\"text-align: justify;\"><strong>\u00abCuando hizo el gol Marcos (Rojo) fue una alegr\u00eda inmensa, un desahogo, porque creo que en todo momento merecimos el pase a octavos\u00bb<\/strong>, a\u00f1adi\u00f3 el delantero del Juventus italiano.<\/p>\n<p style=\"text-align: justify;\">Higua\u00edn se manifest\u00f3 <strong>\u00aborgulloso del partido\u00bb<\/strong> que hizo su selecci\u00f3n por la lucha, el sufrimiento y lo que corrieron <strong>\u00abcontra una selecci\u00f3n f\u00edsica como Nigeria\u00bb<\/strong>.<\/p>\n<p style=\"text-align: justify;\">Respecto al pr\u00f3ximo rival de Argentina en octavos de final, que ser\u00e1 Francia, Higua\u00edn destac\u00f3 que es <strong>\u00abun rival dur\u00edsimo\u00bb<\/strong>.<\/p>\n<p style=\"text-align: justify;\"><strong>\u00abGan\u00f3 el grupo, hay que estar mentalizados y jugando como hoy podremos pasar. A Francia no la enfrent\u00e9 nunca, ser\u00e1 la primera vez y en una instancia decisiva\u00bb<\/strong>, a\u00f1adi\u00f3.<\/p>\n<p style=\"text-align: justify;\">El delantero argentino tuvo una ocasi\u00f3n clara al final de la segunda mitad antes del tanto de Rojo, precisamente a pase de \u00e9l desde la izquierda, pero su disparo se fue muy alto.<\/p>\n<p style=\"text-align: justify;\"><strong>\u00abMe vino el centro fuerte, la quise pegar por abajo y se me levant\u00f3. Lo importante fue que Marquitos pudo pegarlo\u00bb<\/strong>, finaliz\u00f3.<\/p>\n","protected":false},"excerpt":{"rendered":"<p>EFE &#8211; El delantero de la selecci\u00f3n argentina Gonzalo Higua\u00edn asegur\u00f3 tras la victoria contra Nigeria (1-2) que les mete en octavos de final del Mundial de Rusia 2018 que el equipo merec\u00eda \u00abesta alegr\u00eda de seguir en el Mundial\u00bb despu\u00e9s de los problemas y lo que se dijo de ellos. \u00abNo es que tengamos &#8230;<\/p>\n","protected":false},"author":3,"featured_media":37063,"comment_status":"closed","ping_status":"closed","sticky":false,"template":"","format":"standard","meta":{"footnotes":""},"categories":[752,36,1878],"tags":[186,2156],"class_list":["post-37107","post","type-post","status-publish","format-standard","has-post-thumbnail","hentry","category-appgd","category-internacional","category-rusia-2018","tag-argentina","tag-nigeria"],"_links":{"self":[{"href":"http:\/\/gradadigital.com\/home\/wp-json\/wp\/v2\/posts\/37107","targetHints":{"allow":["GET"]}}],"collection":[{"href":"http:\/\/gradadigital.com\/home\/wp-json\/wp\/v2\/posts"}],"about":[{"href":"http:\/\/gradadigital.com\/home\/wp-json\/wp\/v2\/types\/post"}],"author":[{"embeddable":true,"href":"http:\/\/gradadigital.com\/home\/wp-json\/wp\/v2\/users\/3"}],"replies":[{"embeddable":true,"href":"http:\/\/gradadigital.com\/home\/wp-json\/wp\/v2\/comments?post=37107"}],"version-history":[{"count":1,"href":"http:\/\/gradadigital.com\/home\/wp-json\/wp\/v2\/posts\/37107\/revisions"}],"predecessor-version":[{"id":37109,"href":"http:\/\/gradadigital.com\/home\/wp-json\/wp\/v2\/posts\/37107\/revisions\/37109"}],"wp:featuredmedia":[{"embeddable":true,"href":"http:\/\/gradadigital.com\/home\/wp-json\/wp\/v2\/media\/37063"}],"wp:attachment":[{"href":"http:\/\/gradadigital.com\/home\/wp-json\/wp\/v2\/media?parent=37107"}],"wp:term":[{"taxonomy":"category","embeddable":true,"href":"http:\/\/gradadigital.com\/home\/wp-json\/wp\/v2\/categories?post=37107"},{"taxonomy":"post_tag","embeddable":true,"href":"http:\/\/gradadigital.com\/home\/wp-json\/wp\/v2\/tags?post=37107"}],"curies":[{"name":"wp","href":"https:\/\/api.w.org\/{rel}","templated":true}]}}