{"id":3706,"date":"2013-08-18T10:33:49","date_gmt":"2013-08-18T15:03:49","guid":{"rendered":"http:\/\/gradadigital.com\/home\/?p=3706"},"modified":"2013-08-18T10:33:49","modified_gmt":"2013-08-18T15:03:49","slug":"suspendido-el-encuentro-entre-dep-la-guaira-y-mineros","status":"publish","type":"post","link":"http:\/\/gradadigital.com\/home\/suspendido-el-encuentro-entre-dep-la-guaira-y-mineros\/","title":{"rendered":"Suspendido el encuentro entre Dep. La Guaira y Mineros"},"content":{"rendered":"<p style=\"text-align: center;\"><img loading=\"lazy\" decoding=\"async\" class=\"alignnone size-full wp-image-3381\" alt=\"juan_garcia_entrenamiento_laguaira_09082013\" src=\"http:\/\/gradadigital.com\/home\/wp-content\/uploads\/2013\/08\/juan_garcia_entrenamiento_laguaira_09082013.jpg\" width=\"596\" height=\"346\" srcset=\"http:\/\/gradadigital.com\/home\/wp-content\/uploads\/2013\/08\/juan_garcia_entrenamiento_laguaira_09082013.jpg 596w, http:\/\/gradadigital.com\/home\/wp-content\/uploads\/2013\/08\/juan_garcia_entrenamiento_laguaira_09082013-300x174.jpg 300w\" sizes=\"auto, (max-width: 596px) 100vw, 596px\" \/><\/p>\n<p style=\"text-align: justify;\"><strong>Prensa Mineros de Guayana, Francisco Toch\u00f3n Rosales &#8211;<\/strong> Mineros de Guayana no disputar\u00e1 la pr\u00f3xima semana el partido frente al Deportivo La Guaira correspondiente a la tercera jornada del Torneo Apertura, ya que el duelo fue suspendido por el largo viaje del conjunto negriazul a Asunci\u00f3n, para el compromiso de la segunda fase de Copa Sudamericana ante Libertad de Paraguay.<\/p>\n<p style=\"text-align: justify;\">El equipo dirigido por Richard P\u00e1ez Monz\u00f3n viajar\u00e1\u00a0a Paraguay este domingo y el regreso ser\u00e1\u00a0el pr\u00f3ximo s\u00e1bado, por lo que la instituci\u00f3n negriazul realiz\u00f3\u00a0la solicitud de suspender el duelo a la Comisi\u00f3n de Torneos Nacionales de la Federaci\u00f3n Venezolana de F\u00fatbol y al Deportivo La Guaira. Por esta raz\u00f3n, el partido que estaba pautado para el s\u00e1bado 24 de julio ser\u00e1 reprogramado por la FVF para otra fecha.<\/p>\n","protected":false},"excerpt":{"rendered":"<p>Prensa Mineros de Guayana, Francisco Toch\u00f3n Rosales &#8211; Mineros de Guayana no disputar\u00e1 la pr\u00f3xima semana el partido frente al Deportivo La Guaira correspondiente a la tercera jornada del Torneo Apertura, ya que el duelo fue suspendido por el largo viaje del conjunto negriazul a Asunci\u00f3n, para el compromiso de la segunda fase de Copa &#8230;<\/p>\n","protected":false},"author":4,"featured_media":3381,"comment_status":"closed","ping_status":"closed","sticky":false,"template":"","format":"standard","meta":{"footnotes":""},"categories":[18,5,15,31],"tags":[],"class_list":["post-3706","post","type-post","status-publish","format-standard","has-post-thumbnail","hentry","category-real-esppor","category-futbol-nacional","category-mineros-de-guayana","category-primera-division"],"_links":{"self":[{"href":"http:\/\/gradadigital.com\/home\/wp-json\/wp\/v2\/posts\/3706","targetHints":{"allow":["GET"]}}],"collection":[{"href":"http:\/\/gradadigital.com\/home\/wp-json\/wp\/v2\/posts"}],"about":[{"href":"http:\/\/gradadigital.com\/home\/wp-json\/wp\/v2\/types\/post"}],"author":[{"embeddable":true,"href":"http:\/\/gradadigital.com\/home\/wp-json\/wp\/v2\/users\/4"}],"replies":[{"embeddable":true,"href":"http:\/\/gradadigital.com\/home\/wp-json\/wp\/v2\/comments?post=3706"}],"version-history":[{"count":2,"href":"http:\/\/gradadigital.com\/home\/wp-json\/wp\/v2\/posts\/3706\/revisions"}],"predecessor-version":[{"id":3708,"href":"http:\/\/gradadigital.com\/home\/wp-json\/wp\/v2\/posts\/3706\/revisions\/3708"}],"wp:featuredmedia":[{"embeddable":true,"href":"http:\/\/gradadigital.com\/home\/wp-json\/wp\/v2\/media\/3381"}],"wp:attachment":[{"href":"http:\/\/gradadigital.com\/home\/wp-json\/wp\/v2\/media?parent=3706"}],"wp:term":[{"taxonomy":"category","embeddable":true,"href":"http:\/\/gradadigital.com\/home\/wp-json\/wp\/v2\/categories?post=3706"},{"taxonomy":"post_tag","embeddable":true,"href":"http:\/\/gradadigital.com\/home\/wp-json\/wp\/v2\/tags?post=3706"}],"curies":[{"name":"wp","href":"https:\/\/api.w.org\/{rel}","templated":true}]}}