{"id":37048,"date":"2018-06-26T18:30:06","date_gmt":"2018-06-26T23:00:06","guid":{"rendered":"http:\/\/gradadigital.com\/home\/?p=37048"},"modified":"2018-06-27T07:40:04","modified_gmt":"2018-06-27T12:10:04","slug":"maradona-protagonista-en-el-palco-del-nigeria-argentina","status":"publish","type":"post","link":"http:\/\/gradadigital.com\/home\/maradona-protagonista-en-el-palco-del-nigeria-argentina\/","title":{"rendered":"Maradona, protagonista en el palco del Nigeria-Argentina"},"content":{"rendered":"<p style=\"text-align: center;\"><img decoding=\"async\" src=\"http:\/\/gradadigital.com\/home\/wp-content\/uploads\/2018\/06\/maradona_argentina_copa_mundial_rusia2018_26062018.jpg\" \/><\/p>\n<p style=\"text-align: justify;\"><strong>EFE &#8211;<\/strong> El exfutbolista y exselecionador argentino Diego Armando Maradona fue protagonista este martes durante el Nigeria-Argentina, en el que la Albiceleste logr\u00f3 el pase a los octavos de final del Mundial de Rusia 2018, por su actitud en uno de los palcos del estadio de San Petersburgo.<\/p>\n<p style=\"text-align: justify;\">El genial exfutbolista argentino, campe\u00f3n del mundo en M\u00e9xico 1986, se hizo notar desde su entrada al palco en los proleg\u00f3menos del encuentro, con un baile con una aficionada nigeriana al ritmo de la m\u00fasica que se reproduc\u00eda en la megafon\u00eda del estadio que fue transmitido en las pantallas gigantes y jaleado por la mayoritaria de la hinchada argentina.<\/p>\n<p style=\"text-align: justify;\">Con el 1-0 anotado por Messi, Maradona extendi\u00f3 los dos brazos al cielo mientras celebraba el tanto que adelantaba a la selecci\u00f3n argentina, pero cuando lleg\u00f3 el 1-1 de Nigeria, anotado de penalti por Victor Moses, el astro argentino hizo signos evidentes de desesperaci\u00f3n por el resultado que apeaba del Mndial a su selecci\u00f3n.<\/p>\n<p style=\"text-align: justify;\">El 1-2 anotado por Marcos Rojo en el minuto 86 del partido fue el de la explosi\u00f3n de Maradona. Contenido por algunos de sus compa\u00f1eros en el palco, se acerc\u00f3 hasta el borde del mismo e hizo el gesto de la &#8216;peineta&#8217; con ambas manos.<\/p>\n<p style=\"text-align: justify;\">Tras el encuentro, se hicieron virales a trav\u00e9s de las redes sociales varios v\u00eddeos en los que se ve\u00eda al exfutbolista y exentrenador salir del palco en malas condiciones y con necesidad de ayuda por parte de sus compa\u00f1eros de localidad.<\/p>\n","protected":false},"excerpt":{"rendered":"<p>EFE &#8211; El exfutbolista y exselecionador argentino Diego Armando Maradona fue protagonista este martes durante el Nigeria-Argentina, en el que la Albiceleste logr\u00f3 el pase a los octavos de final del Mundial de Rusia 2018, por su actitud en uno de los palcos del estadio de San Petersburgo. El genial exfutbolista argentino, campe\u00f3n del mundo &#8230;<\/p>\n","protected":false},"author":3,"featured_media":37065,"comment_status":"closed","ping_status":"closed","sticky":false,"template":"","format":"standard","meta":{"footnotes":""},"categories":[752,36,1878],"tags":[186,1644,2156],"class_list":["post-37048","post","type-post","status-publish","format-standard","has-post-thumbnail","hentry","category-appgd","category-internacional","category-rusia-2018","tag-argentina","tag-maradona","tag-nigeria"],"_links":{"self":[{"href":"http:\/\/gradadigital.com\/home\/wp-json\/wp\/v2\/posts\/37048","targetHints":{"allow":["GET"]}}],"collection":[{"href":"http:\/\/gradadigital.com\/home\/wp-json\/wp\/v2\/posts"}],"about":[{"href":"http:\/\/gradadigital.com\/home\/wp-json\/wp\/v2\/types\/post"}],"author":[{"embeddable":true,"href":"http:\/\/gradadigital.com\/home\/wp-json\/wp\/v2\/users\/3"}],"replies":[{"embeddable":true,"href":"http:\/\/gradadigital.com\/home\/wp-json\/wp\/v2\/comments?post=37048"}],"version-history":[{"count":4,"href":"http:\/\/gradadigital.com\/home\/wp-json\/wp\/v2\/posts\/37048\/revisions"}],"predecessor-version":[{"id":37102,"href":"http:\/\/gradadigital.com\/home\/wp-json\/wp\/v2\/posts\/37048\/revisions\/37102"}],"wp:featuredmedia":[{"embeddable":true,"href":"http:\/\/gradadigital.com\/home\/wp-json\/wp\/v2\/media\/37065"}],"wp:attachment":[{"href":"http:\/\/gradadigital.com\/home\/wp-json\/wp\/v2\/media?parent=37048"}],"wp:term":[{"taxonomy":"category","embeddable":true,"href":"http:\/\/gradadigital.com\/home\/wp-json\/wp\/v2\/categories?post=37048"},{"taxonomy":"post_tag","embeddable":true,"href":"http:\/\/gradadigital.com\/home\/wp-json\/wp\/v2\/tags?post=37048"}],"curies":[{"name":"wp","href":"https:\/\/api.w.org\/{rel}","templated":true}]}}