{"id":36877,"date":"2018-06-23T14:20:37","date_gmt":"2018-06-23T18:50:37","guid":{"rendered":"http:\/\/gradadigital.com\/home\/?p=36877"},"modified":"2018-06-23T22:34:42","modified_gmt":"2018-06-24T03:04:42","slug":"guardado-no-le-tememos-a-nadie","status":"publish","type":"post","link":"http:\/\/gradadigital.com\/home\/guardado-no-le-tememos-a-nadie\/","title":{"rendered":"Guardado: \u00abNo le tememos a nadie\u00bb"},"content":{"rendered":"<p style=\"text-align: center;\"><img decoding=\"async\" src=\"http:\/\/gradadigital.com\/home\/wp-content\/uploads\/2018\/06\/guardado_copa_mundial_rusia2018_23062018.jpg\" \/><\/p>\n<p style=\"text-align: justify;\"><strong>EFE &#8211;<\/strong> El capit\u00e1n mexicano, Andr\u00e9s Guardado, asegur\u00f3 hoy tras la victoria de su equipo ante Corea del Sur (1-0) que \u00e9l y sus compa\u00f1eros no le temen a ning\u00fan equipo.<\/p>\n<p style=\"text-align: justify;\"><strong>\u00abQueremos ganar el grupo. Eso ser\u00eda algo hist\u00f3rico para nosotros. Conseguir nueve puntos en un Mundial significar\u00eda que estar\u00edamos haciendo algo diferente\u00bb<\/strong>, dijo en la zona mixta del Rostov Arena.<\/p>\n<p style=\"text-align: justify;\">El futbolista del Betis reconoci\u00f3 que hay que <strong>\u00abser realistas\u00bb<\/strong>, ya que el equipo a\u00fan no est\u00e1 clasificado y est\u00e1 expensas del resultado del partido entre Alemania y Suecia.<\/p>\n<p style=\"text-align: justify;\"><strong>\u00abRealmente, no tememos a nadie. Ojal\u00e1 los aficionados se empapen de la mentalidad que tenemos en el grupo de no temerle a nadie, sin pecar de arrogantes. El objetivo no es pasar de grupo, queremos ir m\u00e1s all\u00e1 y hasta que no lo consigamos no nos relajaremos\u00bb<\/strong>, apunt\u00f3.<\/p>\n<p style=\"text-align: justify;\">Subray\u00f3 que el equipo no debe pensar m\u00e1s que en <strong>\u00abir por la victoria\u00bb<\/strong> y no pensar en los rivales, ya que si uno quiere <strong>\u00abser campe\u00f3n del mundo y llegar lejos en el Mundial debe pasar por cualquiera\u00bb<\/strong>.<\/p>\n<p style=\"text-align: justify;\"><strong>\u00abCreemos en nuestras posibilidades y estamos muy fortalecidos mentalmente\u00bb<\/strong>, apunt\u00f3.<\/p>\n<p style=\"text-align: justify;\">Con respecto a Corea del Sur, asegur\u00f3 que Mexico <strong>\u00abtuvo controlado el partido casi los 90 minutos\u00bb<\/strong> con la excepci\u00f3n de algunos tramos de la primera parte en la que los asi\u00e1ticos aprovecharon la velocidad de su estrella, el delantero del Tottenham, Son Heung-min.<\/p>\n","protected":false},"excerpt":{"rendered":"<p>EFE &#8211; El capit\u00e1n mexicano, Andr\u00e9s Guardado, asegur\u00f3 hoy tras la victoria de su equipo ante Corea del Sur (1-0) que \u00e9l y sus compa\u00f1eros no le temen a ning\u00fan equipo. \u00abQueremos ganar el grupo. Eso ser\u00eda algo hist\u00f3rico para nosotros. Conseguir nueve puntos en un Mundial significar\u00eda que estar\u00edamos haciendo algo diferente\u00bb, dijo en &#8230;<\/p>\n","protected":false},"author":3,"featured_media":36902,"comment_status":"closed","ping_status":"closed","sticky":false,"template":"","format":"standard","meta":{"footnotes":""},"categories":[752,36,1878],"tags":[2036,102,985],"class_list":["post-36877","post","type-post","status-publish","format-standard","has-post-thumbnail","hentry","category-appgd","category-internacional","category-rusia-2018","tag-corea-del-sur","tag-mexico","tag-rusia-2018"],"_links":{"self":[{"href":"http:\/\/gradadigital.com\/home\/wp-json\/wp\/v2\/posts\/36877","targetHints":{"allow":["GET"]}}],"collection":[{"href":"http:\/\/gradadigital.com\/home\/wp-json\/wp\/v2\/posts"}],"about":[{"href":"http:\/\/gradadigital.com\/home\/wp-json\/wp\/v2\/types\/post"}],"author":[{"embeddable":true,"href":"http:\/\/gradadigital.com\/home\/wp-json\/wp\/v2\/users\/3"}],"replies":[{"embeddable":true,"href":"http:\/\/gradadigital.com\/home\/wp-json\/wp\/v2\/comments?post=36877"}],"version-history":[{"count":3,"href":"http:\/\/gradadigital.com\/home\/wp-json\/wp\/v2\/posts\/36877\/revisions"}],"predecessor-version":[{"id":36944,"href":"http:\/\/gradadigital.com\/home\/wp-json\/wp\/v2\/posts\/36877\/revisions\/36944"}],"wp:featuredmedia":[{"embeddable":true,"href":"http:\/\/gradadigital.com\/home\/wp-json\/wp\/v2\/media\/36902"}],"wp:attachment":[{"href":"http:\/\/gradadigital.com\/home\/wp-json\/wp\/v2\/media?parent=36877"}],"wp:term":[{"taxonomy":"category","embeddable":true,"href":"http:\/\/gradadigital.com\/home\/wp-json\/wp\/v2\/categories?post=36877"},{"taxonomy":"post_tag","embeddable":true,"href":"http:\/\/gradadigital.com\/home\/wp-json\/wp\/v2\/tags?post=36877"}],"curies":[{"name":"wp","href":"https:\/\/api.w.org\/{rel}","templated":true}]}}