{"id":3687,"date":"2013-08-18T09:27:16","date_gmt":"2013-08-18T13:57:16","guid":{"rendered":"http:\/\/gradadigital.com\/home\/?p=3687"},"modified":"2013-08-18T11:10:59","modified_gmt":"2013-08-18T15:40:59","slug":"renny-vega-resalta-el-optimismo-del-deportivo-la-guaira","status":"publish","type":"post","link":"http:\/\/gradadigital.com\/home\/renny-vega-resalta-el-optimismo-del-deportivo-la-guaira\/","title":{"rendered":"VIDEO | Renny Vega resalta el optimismo del Deportivo La Guaira"},"content":{"rendered":"<p style=\"text-align: center;\"><iframe loading=\"lazy\" width=\"682\" height=\"348\" src=\"http:\/\/www.youtube.com\/embed\/ZA1Fk9OGhiI?rel=0\" frameborder=\"0\" allowfullscreen><\/iframe>\n<p style=\"text-align: justify;\"><strong>GradaDigital.com &#8211;<\/strong> Tras caer en San Crist\u00f3bal por la primera fecha, el Deportivo La Guaira espera lograr conseguir sus primeros puntos en su visita ante Estudiantes de M\u00e9rida. Uno de los referentes es el cancerbero Renny Vega, quien convers\u00f3 con Grada Digital en el que resalt\u00f3 el desempe\u00f1o del equipo pese a la primera ca\u00edda, y el compromiso del plantel para el siguiente encuentro. <strong>!Mira la entrevista!<\/strong><\/p>\n","protected":false},"excerpt":{"rendered":"<p>GradaDigital.com &#8211; Tras caer en San Crist\u00f3bal por la primera fecha, el Deportivo La Guaira espera lograr conseguir sus primeros puntos en su visita ante Estudiantes de M\u00e9rida. Uno de los referentes es el cancerbero Renny Vega, quien convers\u00f3 con Grada Digital en el que resalt\u00f3 el desempe\u00f1o del equipo pese a la primera ca\u00edda, &#8230;<\/p>\n","protected":false},"author":4,"featured_media":3378,"comment_status":"closed","ping_status":"closed","sticky":false,"template":"","format":"standard","meta":{"footnotes":""},"categories":[27,18,13,5,31],"tags":[],"class_list":["post-3687","post","type-post","status-publish","format-standard","has-post-thumbnail","hentry","category-video","category-real-esppor","category-estudiantes-de-merida","category-futbol-nacional","category-primera-division"],"_links":{"self":[{"href":"http:\/\/gradadigital.com\/home\/wp-json\/wp\/v2\/posts\/3687","targetHints":{"allow":["GET"]}}],"collection":[{"href":"http:\/\/gradadigital.com\/home\/wp-json\/wp\/v2\/posts"}],"about":[{"href":"http:\/\/gradadigital.com\/home\/wp-json\/wp\/v2\/types\/post"}],"author":[{"embeddable":true,"href":"http:\/\/gradadigital.com\/home\/wp-json\/wp\/v2\/users\/4"}],"replies":[{"embeddable":true,"href":"http:\/\/gradadigital.com\/home\/wp-json\/wp\/v2\/comments?post=3687"}],"version-history":[{"count":4,"href":"http:\/\/gradadigital.com\/home\/wp-json\/wp\/v2\/posts\/3687\/revisions"}],"predecessor-version":[{"id":3689,"href":"http:\/\/gradadigital.com\/home\/wp-json\/wp\/v2\/posts\/3687\/revisions\/3689"}],"wp:featuredmedia":[{"embeddable":true,"href":"http:\/\/gradadigital.com\/home\/wp-json\/wp\/v2\/media\/3378"}],"wp:attachment":[{"href":"http:\/\/gradadigital.com\/home\/wp-json\/wp\/v2\/media?parent=3687"}],"wp:term":[{"taxonomy":"category","embeddable":true,"href":"http:\/\/gradadigital.com\/home\/wp-json\/wp\/v2\/categories?post=3687"},{"taxonomy":"post_tag","embeddable":true,"href":"http:\/\/gradadigital.com\/home\/wp-json\/wp\/v2\/tags?post=3687"}],"curies":[{"name":"wp","href":"https:\/\/api.w.org\/{rel}","templated":true}]}}