{"id":36822,"date":"2018-06-22T17:15:50","date_gmt":"2018-06-22T21:45:50","guid":{"rendered":"http:\/\/gradadigital.com\/home\/?p=36822"},"modified":"2018-06-23T21:55:58","modified_gmt":"2018-06-24T02:25:58","slug":"krstajic-ahora-tenemos-que-ganar-a-brasil-nada-es-imposible","status":"publish","type":"post","link":"http:\/\/gradadigital.com\/home\/krstajic-ahora-tenemos-que-ganar-a-brasil-nada-es-imposible\/","title":{"rendered":"Krstajic: \u00abAhora tenemos que ganar a Brasil; nada es imposible\u00bb"},"content":{"rendered":"<p style=\"text-align: center;\"><img decoding=\"async\" src=\"http:\/\/gradadigital.com\/home\/wp-content\/uploads\/2018\/06\/krstajic_copa_mundial_rusia2018_22062018.jpg\" \/><\/p>\n<p style=\"text-align: justify;\"><strong>EFE &#8211;<\/strong> El seleccionador de Serbia Mladen Krstajic lament\u00f3 la derrota encajada en el \u00faltimo minuto del partido ante Suiza (1-2), que obliga al conjunto balc\u00e1nico a ganar a Brasil en la \u00faltima jornada para lograr la clasificaci\u00f3n.<\/p>\n<p style=\"text-align: justify;\"><strong>\u00abEstamos ahora en una situaci\u00f3n en la que necesitamos una victoria contra Brasil en la \u00faltima jornada. Nos vamos a concentrar para ello y haremos todo lo que podamos para intentar ganar. Nada es imposible en la vida\u00bb<\/strong>, dijo el preparador balc\u00e1nico tras el encuentro.<\/p>\n<p style=\"text-align: justify;\"><strong>\u00abDesde el primer d\u00eda, cuando qued\u00f3 establecido el sorteo y el grupo, la mayor\u00eda pens\u00f3 que Brasil era el favorito para lograr la clasificaci\u00f3n y ganar el Mundial pero estamos en esta situaci\u00f3n\u00bb<\/strong>, insisti\u00f3 Krstajic.<\/p>\n<p style=\"text-align: justify;\">El seleccionador de Serbia se mostr\u00f3 contrariado por el gol encajado en el \u00faltimo minuto del partido que provoc\u00f3 la derrota de su equipo.<\/p>\n<p style=\"text-align: justify;\"><strong>\u00abClaro que estamos dolidos por la derrota. Est\u00e1bamos empatados. Era un partido equilibrado. Puede que Suiza tuviera m\u00e1s posesi\u00f3n pero con 1-1 buscamos la victoria\u00bb<\/strong>, record\u00f3 el preparador del conjunto balc\u00e1nico.<\/p>\n<p style=\"text-align: justify;\">Krstajic insisti\u00f3 en que busc\u00f3 los tres puntos. <strong>\u00abSustituimos a un centrocampista defensivo por otro m\u00e1s ofensivos. Pero lamentablemente encajamos un gol en el minuto 90. Esto es f\u00fatbol. No aprovechamos las ocasiones que tuvimos. Pero los jugadores han dado todo\u00bb<\/strong>, concluy\u00f3.<\/p>\n","protected":false},"excerpt":{"rendered":"<p>EFE &#8211; El seleccionador de Serbia Mladen Krstajic lament\u00f3 la derrota encajada en el \u00faltimo minuto del partido ante Suiza (1-2), que obliga al conjunto balc\u00e1nico a ganar a Brasil en la \u00faltima jornada para lograr la clasificaci\u00f3n. \u00abEstamos ahora en una situaci\u00f3n en la que necesitamos una victoria contra Brasil en la \u00faltima jornada. &#8230;<\/p>\n","protected":false},"author":3,"featured_media":36917,"comment_status":"closed","ping_status":"closed","sticky":false,"template":"","format":"standard","meta":{"footnotes":""},"categories":[752,36,1878],"tags":[985,629,562],"class_list":["post-36822","post","type-post","status-publish","format-standard","has-post-thumbnail","hentry","category-appgd","category-internacional","category-rusia-2018","tag-rusia-2018","tag-serbia","tag-suiza"],"_links":{"self":[{"href":"http:\/\/gradadigital.com\/home\/wp-json\/wp\/v2\/posts\/36822","targetHints":{"allow":["GET"]}}],"collection":[{"href":"http:\/\/gradadigital.com\/home\/wp-json\/wp\/v2\/posts"}],"about":[{"href":"http:\/\/gradadigital.com\/home\/wp-json\/wp\/v2\/types\/post"}],"author":[{"embeddable":true,"href":"http:\/\/gradadigital.com\/home\/wp-json\/wp\/v2\/users\/3"}],"replies":[{"embeddable":true,"href":"http:\/\/gradadigital.com\/home\/wp-json\/wp\/v2\/comments?post=36822"}],"version-history":[{"count":3,"href":"http:\/\/gradadigital.com\/home\/wp-json\/wp\/v2\/posts\/36822\/revisions"}],"predecessor-version":[{"id":36922,"href":"http:\/\/gradadigital.com\/home\/wp-json\/wp\/v2\/posts\/36822\/revisions\/36922"}],"wp:featuredmedia":[{"embeddable":true,"href":"http:\/\/gradadigital.com\/home\/wp-json\/wp\/v2\/media\/36917"}],"wp:attachment":[{"href":"http:\/\/gradadigital.com\/home\/wp-json\/wp\/v2\/media?parent=36822"}],"wp:term":[{"taxonomy":"category","embeddable":true,"href":"http:\/\/gradadigital.com\/home\/wp-json\/wp\/v2\/categories?post=36822"},{"taxonomy":"post_tag","embeddable":true,"href":"http:\/\/gradadigital.com\/home\/wp-json\/wp\/v2\/tags?post=36822"}],"curies":[{"name":"wp","href":"https:\/\/api.w.org\/{rel}","templated":true}]}}