{"id":36810,"date":"2018-06-22T17:30:00","date_gmt":"2018-06-22T22:00:00","guid":{"rendered":"http:\/\/gradadigital.com\/home\/?p=36810"},"modified":"2018-06-23T21:53:46","modified_gmt":"2018-06-24T02:23:46","slug":"shaqiri-logramos-remontar-algo-que-hace-dos-anos-no-hubieramos-logrado","status":"publish","type":"post","link":"http:\/\/gradadigital.com\/home\/shaqiri-logramos-remontar-algo-que-hace-dos-anos-no-hubieramos-logrado\/","title":{"rendered":"Shaqiri: \u00abLogramos remontar, algo que hace dos a\u00f1os no hubi\u00e9ramos logrado\u00bb"},"content":{"rendered":"<p style=\"text-align: center;\"><img decoding=\"async\" src=\"http:\/\/gradadigital.com\/home\/wp-content\/uploads\/2018\/06\/shaquiri_copa_mundial_rusia2018_22062018.jpg\" \/><\/p>\n<p style=\"text-align: justify;\"><strong>EFE &#8211;<\/strong> El suizo Xherdan Shaqiri art\u00edfice del triunfo ante Serbia de Suiza, que le acerca a los octavos de final de Rusia 2018, subray\u00f3 el progreso plasmado en los \u00faltimos a\u00f1os por el conjunto helv\u00e9tico.<\/p>\n<p style=\"text-align: justify;\"><strong>\u00abEstos jugadores que tenemos juegan en equipos de primer nivel de Europa. A pesar de ir por debajo en el marcador mantuvieron la calma. Dimos la vuelta al partido y eso es algo que no hubi\u00e9ramos logrado hace dos a\u00f1os\u00bb<\/strong>, indic\u00f3 el jugador del Stoke City.<\/p>\n<p style=\"text-align: justify;\">Shaqiri, elegido el mejor jugador del encuentro ante Serbia indic\u00f3 que el encuentro disputado en Kaliningrado evidencia la mejor\u00eda y la madurez alcanzada por el cuadro suizo.<\/p>\n<p style=\"text-align: justify;\"><strong>\u00abHemos demostrado que hemos crecido. Lo hemos hecho en los \u00faltimos a\u00f1os y ha vuelto a quedar patente otra vez. Perd\u00edamos por 1-0 y, sin embargo, nos juntamos, jugamos como equipo en la misma direcci\u00f3n\u00bb,<\/strong> concluy\u00f3.<\/p>\n","protected":false},"excerpt":{"rendered":"<p>EFE &#8211; El suizo Xherdan Shaqiri art\u00edfice del triunfo ante Serbia de Suiza, que le acerca a los octavos de final de Rusia 2018, subray\u00f3 el progreso plasmado en los \u00faltimos a\u00f1os por el conjunto helv\u00e9tico. \u00abEstos jugadores que tenemos juegan en equipos de primer nivel de Europa. A pesar de ir por debajo en &#8230;<\/p>\n","protected":false},"author":3,"featured_media":36900,"comment_status":"closed","ping_status":"closed","sticky":false,"template":"","format":"standard","meta":{"footnotes":""},"categories":[752,36,1878],"tags":[985,629,562],"class_list":["post-36810","post","type-post","status-publish","format-standard","has-post-thumbnail","hentry","category-appgd","category-internacional","category-rusia-2018","tag-rusia-2018","tag-serbia","tag-suiza"],"_links":{"self":[{"href":"http:\/\/gradadigital.com\/home\/wp-json\/wp\/v2\/posts\/36810","targetHints":{"allow":["GET"]}}],"collection":[{"href":"http:\/\/gradadigital.com\/home\/wp-json\/wp\/v2\/posts"}],"about":[{"href":"http:\/\/gradadigital.com\/home\/wp-json\/wp\/v2\/types\/post"}],"author":[{"embeddable":true,"href":"http:\/\/gradadigital.com\/home\/wp-json\/wp\/v2\/users\/3"}],"replies":[{"embeddable":true,"href":"http:\/\/gradadigital.com\/home\/wp-json\/wp\/v2\/comments?post=36810"}],"version-history":[{"count":3,"href":"http:\/\/gradadigital.com\/home\/wp-json\/wp\/v2\/posts\/36810\/revisions"}],"predecessor-version":[{"id":36921,"href":"http:\/\/gradadigital.com\/home\/wp-json\/wp\/v2\/posts\/36810\/revisions\/36921"}],"wp:featuredmedia":[{"embeddable":true,"href":"http:\/\/gradadigital.com\/home\/wp-json\/wp\/v2\/media\/36900"}],"wp:attachment":[{"href":"http:\/\/gradadigital.com\/home\/wp-json\/wp\/v2\/media?parent=36810"}],"wp:term":[{"taxonomy":"category","embeddable":true,"href":"http:\/\/gradadigital.com\/home\/wp-json\/wp\/v2\/categories?post=36810"},{"taxonomy":"post_tag","embeddable":true,"href":"http:\/\/gradadigital.com\/home\/wp-json\/wp\/v2\/tags?post=36810"}],"curies":[{"name":"wp","href":"https:\/\/api.w.org\/{rel}","templated":true}]}}