{"id":36765,"date":"2018-06-22T14:20:57","date_gmt":"2018-06-22T18:50:57","guid":{"rendered":"http:\/\/gradadigital.com\/home\/?p=36765"},"modified":"2018-06-22T19:48:10","modified_gmt":"2018-06-23T00:18:10","slug":"ahmed-musa-no-me-resulta-dificil-marcar-goles-ante-argentina","status":"publish","type":"post","link":"http:\/\/gradadigital.com\/home\/ahmed-musa-no-me-resulta-dificil-marcar-goles-ante-argentina\/","title":{"rendered":"Ahmed Musa: \u00abNo me resulta dif\u00edcil marcar goles ante Argentina\u00bb"},"content":{"rendered":"<p style=\"text-align: center;\"><img decoding=\"async\" src=\"http:\/\/gradadigital.com\/home\/wp-content\/uploads\/2018\/06\/musa_copa_mundial_rusia2018_22062018_1.jpg\" \/><\/p>\n<p style=\"text-align: justify;\"><strong>EFE &#8211;<\/strong> El nigeriano Ahmed Musa, elegido mejor jugador del partido de este viernes ante la selecci\u00f3n islandesa en Volgogrado, envi\u00f3 un mensaje desafiante a los jugadores de la escuadra de Argentina al recordar que <strong>\u00abno\u00bb<\/strong> le resulta <strong>\u00abdif\u00edcil marcar goles\u00bb<\/strong> ante la Albiceleste.<\/p>\n<p style=\"text-align: justify;\">Hace cuatro a\u00f1os, en el Mundial de Brasil 2014, el delantero del CSKA de Mosc\u00fa anot\u00f3 los dos tantos de su equipo en la derrota (3-2) ante la selecci\u00f3n sudamericana.<\/p>\n<p style=\"text-align: justify;\">El pr\u00f3ximo martes se reencontrar\u00e1n en San Petersburgo en un duelo que puede marcar la suerte de ambos en el Grupo D.<\/p>\n<p style=\"text-align: justify;\">Ambos tienen opciones de clasificarse para los octavos de final, al igual que Islandia.<\/p>\n<p style=\"text-align: justify;\"><strong>\u00abSabemos de la importancia de ese encuentro. Es hacerlo o morir. Tenemos que ganar\u00bb<\/strong>, dijo Ahmed Musa en rueda de prensa.<\/p>\n<p style=\"text-align: justify;\">El delantero nigeriano fue el gran protagonista en la victoria ante el equipo island\u00e9s. Anot\u00f3 los dos tantos y se convirti\u00f3 en el primer futbolista de su pa\u00eds en anotar en dos Mundiales diferentes.<\/p>\n<p style=\"text-align: justify;\"><strong>\u00abEstoy feliz por ese r\u00e9cord\u00bb<\/strong>, reconoci\u00f3.<\/p>\n","protected":false},"excerpt":{"rendered":"<p>EFE &#8211; El nigeriano Ahmed Musa, elegido mejor jugador del partido de este viernes ante la selecci\u00f3n islandesa en Volgogrado, envi\u00f3 un mensaje desafiante a los jugadores de la escuadra de Argentina al recordar que \u00abno\u00bb le resulta \u00abdif\u00edcil marcar goles\u00bb ante la Albiceleste. Hace cuatro a\u00f1os, en el Mundial de Brasil 2014, el delantero &#8230;<\/p>\n","protected":false},"author":3,"featured_media":36781,"comment_status":"closed","ping_status":"closed","sticky":false,"template":"","format":"standard","meta":{"footnotes":""},"categories":[752,36,1878],"tags":[2154,2159,2156,985],"class_list":["post-36765","post","type-post","status-publish","format-standard","has-post-thumbnail","hentry","category-appgd","category-internacional","category-rusia-2018","tag-islandia","tag-musa","tag-nigeria","tag-rusia-2018"],"_links":{"self":[{"href":"http:\/\/gradadigital.com\/home\/wp-json\/wp\/v2\/posts\/36765","targetHints":{"allow":["GET"]}}],"collection":[{"href":"http:\/\/gradadigital.com\/home\/wp-json\/wp\/v2\/posts"}],"about":[{"href":"http:\/\/gradadigital.com\/home\/wp-json\/wp\/v2\/types\/post"}],"author":[{"embeddable":true,"href":"http:\/\/gradadigital.com\/home\/wp-json\/wp\/v2\/users\/3"}],"replies":[{"embeddable":true,"href":"http:\/\/gradadigital.com\/home\/wp-json\/wp\/v2\/comments?post=36765"}],"version-history":[{"count":3,"href":"http:\/\/gradadigital.com\/home\/wp-json\/wp\/v2\/posts\/36765\/revisions"}],"predecessor-version":[{"id":36788,"href":"http:\/\/gradadigital.com\/home\/wp-json\/wp\/v2\/posts\/36765\/revisions\/36788"}],"wp:featuredmedia":[{"embeddable":true,"href":"http:\/\/gradadigital.com\/home\/wp-json\/wp\/v2\/media\/36781"}],"wp:attachment":[{"href":"http:\/\/gradadigital.com\/home\/wp-json\/wp\/v2\/media?parent=36765"}],"wp:term":[{"taxonomy":"category","embeddable":true,"href":"http:\/\/gradadigital.com\/home\/wp-json\/wp\/v2\/categories?post=36765"},{"taxonomy":"post_tag","embeddable":true,"href":"http:\/\/gradadigital.com\/home\/wp-json\/wp\/v2\/tags?post=36765"}],"curies":[{"name":"wp","href":"https:\/\/api.w.org\/{rel}","templated":true}]}}