{"id":36736,"date":"2018-06-21T18:59:17","date_gmt":"2018-06-21T23:29:17","guid":{"rendered":"http:\/\/gradadigital.com\/home\/?p=36736"},"modified":"2018-06-22T13:22:02","modified_gmt":"2018-06-22T17:52:02","slug":"enzo-perez-con-el-1-0-se-noto-el-nerviosismo","status":"publish","type":"post","link":"http:\/\/gradadigital.com\/home\/enzo-perez-con-el-1-0-se-noto-el-nerviosismo\/","title":{"rendered":"Enzo P\u00e9rez: \u00abCon el 1-0 se not\u00f3 el nerviosismo\u00bb"},"content":{"rendered":"<p style=\"text-align: center;\"><img decoding=\"async\" src=\"http:\/\/gradadigital.com\/home\/wp-content\/uploads\/2018\/06\/enzo_perez_copa_mundial_rusia2018_21062018.jpg\" \/><\/p>\n<p style=\"text-align: justify;\"><strong>EFE &#8211;<\/strong> Enzo P\u00e9rez, futbolista de Argentina, reconoci\u00f3, despu\u00e9s de perder 0-3 contra Croacia, que con el 1-0 en contra tras un fallo de su portero Willy Caballero, al cuadro albiceleste le pudo el <strong>\u00abnerviosismo\u00bb<\/strong>.<\/p>\n<p style=\"text-align: justify;\">P\u00e9rez fall\u00f3 una oportunidad muy clara en la primera parte cuando Argentina dominaba el encuentro. El centrocampista albiceleste lament\u00f3 haber perdido el choque.<\/p>\n<p style=\"text-align: justify;\"><strong>\u00abHasta su primer gol est\u00e1bamos bien. El partido era parejo, con situaciones para los dos lados. Pero despu\u00e9s cambi\u00f3 todo y, lamentablemente, se hizo muy duro. Es una cuesti\u00f3n de la cabeza. Si hubi\u00e9ramos estado tranquilos en eso, el resultado habr\u00eda sido otro\u00bb<\/strong>, declar\u00f3.<\/p>\n<p style=\"text-align: justify;\"><strong>\u00abCuando se pusieron 1-0 arriba, se not\u00f3 el nerviosismo y no pudimos entrar de nuevo en el partido. Lo fuimos a buscar, pero no alcanz\u00f3. Ten\u00edamos la ilusi\u00f3n de otro resultado. Ahora habr\u00e1 que ver si tenemos posibilidades de clasificarnos en el \u00faltimo partido\u00bb<\/strong>, finaliz\u00f3.<\/p>\n","protected":false},"excerpt":{"rendered":"<p>EFE &#8211; Enzo P\u00e9rez, futbolista de Argentina, reconoci\u00f3, despu\u00e9s de perder 0-3 contra Croacia, que con el 1-0 en contra tras un fallo de su portero Willy Caballero, al cuadro albiceleste le pudo el \u00abnerviosismo\u00bb. P\u00e9rez fall\u00f3 una oportunidad muy clara en la primera parte cuando Argentina dominaba el encuentro. El centrocampista albiceleste lament\u00f3 haber &#8230;<\/p>\n","protected":false},"author":3,"featured_media":36744,"comment_status":"closed","ping_status":"closed","sticky":false,"template":"","format":"standard","meta":{"footnotes":""},"categories":[752,36,1878],"tags":[186,773,985],"class_list":["post-36736","post","type-post","status-publish","format-standard","has-post-thumbnail","hentry","category-appgd","category-internacional","category-rusia-2018","tag-argentina","tag-croacia","tag-rusia-2018"],"_links":{"self":[{"href":"http:\/\/gradadigital.com\/home\/wp-json\/wp\/v2\/posts\/36736","targetHints":{"allow":["GET"]}}],"collection":[{"href":"http:\/\/gradadigital.com\/home\/wp-json\/wp\/v2\/posts"}],"about":[{"href":"http:\/\/gradadigital.com\/home\/wp-json\/wp\/v2\/types\/post"}],"author":[{"embeddable":true,"href":"http:\/\/gradadigital.com\/home\/wp-json\/wp\/v2\/users\/3"}],"replies":[{"embeddable":true,"href":"http:\/\/gradadigital.com\/home\/wp-json\/wp\/v2\/comments?post=36736"}],"version-history":[{"count":3,"href":"http:\/\/gradadigital.com\/home\/wp-json\/wp\/v2\/posts\/36736\/revisions"}],"predecessor-version":[{"id":36748,"href":"http:\/\/gradadigital.com\/home\/wp-json\/wp\/v2\/posts\/36736\/revisions\/36748"}],"wp:featuredmedia":[{"embeddable":true,"href":"http:\/\/gradadigital.com\/home\/wp-json\/wp\/v2\/media\/36744"}],"wp:attachment":[{"href":"http:\/\/gradadigital.com\/home\/wp-json\/wp\/v2\/media?parent=36736"}],"wp:term":[{"taxonomy":"category","embeddable":true,"href":"http:\/\/gradadigital.com\/home\/wp-json\/wp\/v2\/categories?post=36736"},{"taxonomy":"post_tag","embeddable":true,"href":"http:\/\/gradadigital.com\/home\/wp-json\/wp\/v2\/tags?post=36736"}],"curies":[{"name":"wp","href":"https:\/\/api.w.org\/{rel}","templated":true}]}}