{"id":3669,"date":"2013-08-16T21:04:55","date_gmt":"2013-08-17T01:34:55","guid":{"rendered":"http:\/\/gradadigital.com\/home\/?p=3669"},"modified":"2013-08-16T21:05:51","modified_gmt":"2013-08-17T01:35:51","slug":"carlos-maldonado-toma-rumbo-a-mexico-mientras-giancarlo-ya-encontraria-en-libertad","status":"publish","type":"post","link":"http:\/\/gradadigital.com\/home\/carlos-maldonado-toma-rumbo-a-mexico-mientras-giancarlo-ya-encontraria-en-libertad\/","title":{"rendered":"Carlos Maldonado toma rumbo a M\u00e9xico mientras Giancarlo ya se encontrar\u00eda en libertad"},"content":{"rendered":"<p style=\"text-align: center;\"><img loading=\"lazy\" decoding=\"async\" class=\"alignnone size-full wp-image-2578\" alt=\"carlos_maldonado_aragua_atlvenezuela_02032013\" src=\"http:\/\/gradadigital.com\/home\/wp-content\/uploads\/2013\/07\/carlos_maldonado_aragua_atlvenezuela_02032013.jpg\" width=\"596\" height=\"346\" srcset=\"http:\/\/gradadigital.com\/home\/wp-content\/uploads\/2013\/07\/carlos_maldonado_aragua_atlvenezuela_02032013.jpg 596w, http:\/\/gradadigital.com\/home\/wp-content\/uploads\/2013\/07\/carlos_maldonado_aragua_atlvenezuela_02032013-300x174.jpg 300w\" sizes=\"auto, (max-width: 596px) 100vw, 596px\" \/><\/p>\n<p style=\"text-align: justify;\"><strong>GradaDigital.com &#8211;<\/strong> Se viven momentos complejos en la familia Maldonado. Conocidos por todos en el f\u00fatbol venezolano, Carlos Maldonado y su familia representan honestidad, humildad y protecci\u00f3n entre sus seres queridos. Hoy lamentablemente Giancarlo Maldonado vive una etapa extra futbol\u00edstica, cuando fue puesto preso en M\u00e9xico por las autoridades judiciales de Quintana Roo por el delito de incumplimiento de obligaciones familiares, segun informaci\u00f3n de medios en Canc\u00fan.<\/p>\n<p style=\"text-align: justify;\">En horas de la noche, el periodista Daniel Nohra inform\u00f3 en su cuenta de red social que Giancarlo Maldonado fue puesto en libertad tras pagar la fianza, y que el delantero se encontrar\u00eda\u00a0 en su hogar. Lo cierto es que el apoyo familiar es lo que vale en este momento, y es por esta raz\u00f3n que el estratega del Aragua FC se ausentar\u00e1 en el encuentro ante Mineros de Guayana, y tom\u00f3 vuelo el d\u00eda viernes para reencontrarse con su hijo. Por lo pronto, el conjunto arag\u00fce\u00f1o ser\u00e1 dirigido por \u00abLobo\u00bb Caraballo.<\/p>\n","protected":false},"excerpt":{"rendered":"<p>GradaDigital.com &#8211; Se viven momentos complejos en la familia Maldonado. Conocidos por todos en el f\u00fatbol venezolano, Carlos Maldonado y su familia representan honestidad, humildad y protecci\u00f3n entre sus seres queridos. Hoy lamentablemente Giancarlo Maldonado vive una etapa extra futbol\u00edstica, cuando fue puesto preso en M\u00e9xico por las autoridades judiciales de Quintana Roo por el &#8230;<\/p>\n","protected":false},"author":4,"featured_media":2578,"comment_status":"closed","ping_status":"closed","sticky":false,"template":"","format":"standard","meta":{"footnotes":""},"categories":[6,4,15,31],"tags":[],"class_list":["post-3669","post","type-post","status-publish","format-standard","has-post-thumbnail","hentry","category-aragua-fc","category-legionarios","category-mineros-de-guayana","category-primera-division"],"_links":{"self":[{"href":"http:\/\/gradadigital.com\/home\/wp-json\/wp\/v2\/posts\/3669","targetHints":{"allow":["GET"]}}],"collection":[{"href":"http:\/\/gradadigital.com\/home\/wp-json\/wp\/v2\/posts"}],"about":[{"href":"http:\/\/gradadigital.com\/home\/wp-json\/wp\/v2\/types\/post"}],"author":[{"embeddable":true,"href":"http:\/\/gradadigital.com\/home\/wp-json\/wp\/v2\/users\/4"}],"replies":[{"embeddable":true,"href":"http:\/\/gradadigital.com\/home\/wp-json\/wp\/v2\/comments?post=3669"}],"version-history":[{"count":3,"href":"http:\/\/gradadigital.com\/home\/wp-json\/wp\/v2\/posts\/3669\/revisions"}],"predecessor-version":[{"id":3671,"href":"http:\/\/gradadigital.com\/home\/wp-json\/wp\/v2\/posts\/3669\/revisions\/3671"}],"wp:featuredmedia":[{"embeddable":true,"href":"http:\/\/gradadigital.com\/home\/wp-json\/wp\/v2\/media\/2578"}],"wp:attachment":[{"href":"http:\/\/gradadigital.com\/home\/wp-json\/wp\/v2\/media?parent=3669"}],"wp:term":[{"taxonomy":"category","embeddable":true,"href":"http:\/\/gradadigital.com\/home\/wp-json\/wp\/v2\/categories?post=3669"},{"taxonomy":"post_tag","embeddable":true,"href":"http:\/\/gradadigital.com\/home\/wp-json\/wp\/v2\/tags?post=3669"}],"curies":[{"name":"wp","href":"https:\/\/api.w.org\/{rel}","templated":true}]}}